{"id":1068,"date":"2023-06-22T20:11:58","date_gmt":"2023-06-22T20:11:58","guid":{"rendered":"https:\/\/newsnowworld.com\/es\/el-arte-y-la-tradicion-se-fusionan-descubre-la-maravilla-cultural-que-impacta-al-mundo\/"},"modified":"2023-06-22T20:11:58","modified_gmt":"2023-06-22T20:11:58","slug":"el-arte-y-la-tradicion-se-fusionan-descubre-la-maravilla-cultural-que-impacta-al-mundo","status":"publish","type":"post","link":"https:\/\/newsnowworld.com\/es\/el-arte-y-la-tradicion-se-fusionan-descubre-la-maravilla-cultural-que-impacta-al-mundo\/","title":{"rendered":"El Arte y la Tradici\u00f3n se Fusionan: Descubre la Maravilla Cultural que Impacta al Mundo"},"content":{"rendered":"<p>El Arte y la Tradici\u00f3n se Fusionan: Descubre la Maravilla Cultural que Impacta al Mundo<\/p>\n<p>En el vasto panorama de la cultura mundial, existen numerosas manifestaciones art\u00edsticas arraigadas en tradiciones ancestrales que contin\u00faan cautivando y sorprendiendo a personas de todo el planeta. Uno de los fen\u00f3menos m\u00e1s impactantes en este sentido es la fusi\u00f3n del arte y la tradici\u00f3n, una sinergia que potencia la creatividad y da lugar a maravillas culturales que dejan una profunda huella en la sociedad.<\/p>\n<p>Esta fusi\u00f3n, que podr\u00edamos considerar como una evoluci\u00f3n natural del arte y la tradici\u00f3n, se define como la combinaci\u00f3n de t\u00e9cnicas, estilos y expresiones culturales arraigadas en una determinada comunidad, las cuales son reinterpretadas y actualizadas por artistas contempor\u00e1neos, generando as\u00ed una nueva forma de expresi\u00f3n art\u00edstica enriquecida por los saberes y la historia del pasado.<\/p>\n<p>Un claro ejemplo de esta incitante fusi\u00f3n se encuentra en las manifestaciones art\u00edsticas de diversas comunidades ind\u00edgenas alrededor del mundo. A trav\u00e9s de la reinterpretaci\u00f3n de la iconograf\u00eda ancestral y el uso de t\u00e9cnicas tradicionales, estos artistas han logrado crear obras sorprendentes y provocadoras que adquieren una relevancia global.<\/p>\n<p>En Latinoam\u00e9rica, por ejemplo, nos encontramos con la tradici\u00f3n de los textiles andinos, donde los tejedores han sabido mezclar t\u00e9cnicas ancestrales con dise\u00f1os contempor\u00e1neos, creando piezas \u00fanicas y sofisticadas que son reconocidas y admiradas a nivel internacional. Estos textiles, m\u00e1s all\u00e1 de su belleza est\u00e9tica, son portadores de una profunda carga simb\u00f3lica que conecta con la identidad cultural de las comunidades ind\u00edgenas y transmiten una narrativa hist\u00f3rica legada de generaci\u00f3n en generaci\u00f3n.<\/p>\n<p>Asimismo, en el continente africano, diversas manifestaciones culturales como la m\u00fasica, la danza y las artes visuales han experimentado una fusi\u00f3n con elementos contempor\u00e1neos. Gracias a ello, artistas africanos est\u00e1n logrando traspasar fronteras y ser reconocidos como referentes del arte mundial. Su capacidad para combinar ritmos y danzas tradicionales con elementos modernos les ha permitido crear una propuesta art\u00edstica fresca y novedosa que, al mismo tiempo, mantiene en alto la riqueza cultural y la tradici\u00f3n de sus antepasados.<\/p>\n<p>La impactante fusi\u00f3n entre el arte y la tradici\u00f3n ha logrado captar la atenci\u00f3n y el reconocimiento de la comunidad art\u00edstica internacional, y ha generado la apertura a nuevos di\u00e1logos culturales y a la valoraci\u00f3n de la diversidad. Esto ha permitido el surgimiento de plataformas y festivales dedicados exclusivamente a las manifestaciones art\u00edsticas fruto de esta fusi\u00f3n, donde artistas de diferentes partes del mundo pueden compartir su trabajo y establecer v\u00ednculos que fortalecen el tejido cultural global.<\/p>\n<p>Es as\u00ed como, en un mundo cada vez m\u00e1s globalizado y vertiginoso, la fusi\u00f3n del arte y la tradici\u00f3n emerge como un valioso legado, capaz de transmitir la vitalidad de una cultura y resaltar la importancia de preservar nuestras ra\u00edces. Esta maravilla cultural sigue dejando un impacto duradero en la sociedad contempor\u00e1nea, al ser capaz de unir pasado y futuro en una expresi\u00f3n art\u00edstica que trasciende fronteras y alimenta el esp\u00edritu creativo de un mundo cada vez m\u00e1s conectado. Un fen\u00f3meno que nos invita a sumergirnos en la magia de la fusi\u00f3n y a celebrar la diversidad cultural que embellece a nuestro planeta.<\/p>\n<p>Nota express publicada por <a href=\"https:\/\/mediastarpress.com\/\" target=\"_blank\" rel=\"noopener\">MediaStar | Agencia de Medios<\/a>.<\/p>\n","protected":false},"excerpt":{"rendered":"<p>El Arte y la Tradici\u00f3n se Fusionan: Descubre la Maravilla Cultural que Impacta al Mundo En el vasto panorama de la cultura mundial, existen numerosas manifestaciones art\u00edsticas arraigadas en tradiciones ancestrales que contin\u00faan cautivando y sorprendiendo a personas de todo el planeta. Uno de los fen\u00f3menos m\u00e1s impactantes en este sentido es la fusi\u00f3n del [&hellip;]<\/p>\n","protected":false},"author":1,"featured_media":1069,"comment_status":"open","ping_status":"open","sticky":false,"template":"","format":"standard","meta":{"inline_featured_image":false,"footnotes":""},"categories":[15],"tags":[],"class_list":{"0":"post-1068","1":"post","2":"type-post","3":"status-publish","4":"format-standard","5":"has-post-thumbnail","7":"category-noticias"},"yoast_head":"<!-- This site is optimized with the Yoast SEO plugin v24.1 - https:\/\/yoast.com\/wordpress\/plugins\/seo\/ -->\n<title>El Arte y la Tradici\u00f3n se Fusionan: Descubre la Maravilla Cultural que Impacta al Mundo<\/title>\n<meta name=\"robots\" content=\"index, follow, max-snippet:-1, max-image-preview:large, max-video-preview:-1\" \/>\n<link rel=\"canonical\" href=\"https:\/\/newsnowworld.com\/es\/el-arte-y-la-tradicion-se-fusionan-descubre-la-maravilla-cultural-que-impacta-al-mundo\/\" \/>\n<meta property=\"og:locale\" content=\"es_ES\" \/>\n<meta property=\"og:type\" content=\"article\" \/>\n<meta property=\"og:title\" content=\"El Arte y la Tradici\u00f3n se Fusionan: Descubre la Maravilla Cultural que Impacta al Mundo\" \/>\n<meta property=\"og:description\" content=\"El Arte y la Tradici\u00f3n se Fusionan: Descubre la Maravilla Cultural que Impacta al Mundo En el vasto panorama de la cultura mundial, existen numerosas manifestaciones art\u00edsticas arraigadas en tradiciones ancestrales que contin\u00faan cautivando y sorprendiendo a personas de todo el planeta. Uno de los fen\u00f3menos m\u00e1s impactantes en este sentido es la fusi\u00f3n del [&hellip;]\" \/>\n<meta property=\"og:url\" content=\"https:\/\/newsnowworld.com\/es\/el-arte-y-la-tradicion-se-fusionan-descubre-la-maravilla-cultural-que-impacta-al-mundo\/\" \/>\n<meta property=\"og:site_name\" content=\"NewsNowWorld\" \/>\n<meta property=\"article:published_time\" content=\"2023-06-22T20:11:58+00:00\" \/>\n<meta property=\"og:image\" content=\"https:\/\/newsnowworld.com\/es\/wp-content\/uploads\/2023\/05\/0-354.jpg\" \/>\n\t<meta property=\"og:image:width\" content=\"1100\" \/>\n\t<meta property=\"og:image:height\" content=\"825\" \/>\n\t<meta property=\"og:image:type\" content=\"image\/jpeg\" \/>\n<meta name=\"author\" content=\"Valeria Catillo\" \/>\n<meta name=\"twitter:card\" content=\"summary_large_image\" \/>\n<meta name=\"twitter:label1\" content=\"Escrito por\" \/>\n\t<meta name=\"twitter:data1\" content=\"Valeria Catillo\" \/>\n\t<meta name=\"twitter:label2\" content=\"Tiempo de lectura\" \/>\n\t<meta name=\"twitter:data2\" content=\"3 minutos\" \/>\n<script type=\"application\/ld+json\" class=\"yoast-schema-graph\">{\"@context\":\"https:\/\/schema.org\",\"@graph\":[{\"@type\":\"WebPage\",\"@id\":\"https:\/\/newsnowworld.com\/es\/el-arte-y-la-tradicion-se-fusionan-descubre-la-maravilla-cultural-que-impacta-al-mundo\/\",\"url\":\"https:\/\/newsnowworld.com\/es\/el-arte-y-la-tradicion-se-fusionan-descubre-la-maravilla-cultural-que-impacta-al-mundo\/\",\"name\":\"El Arte y la Tradici\u00f3n se Fusionan: Descubre la Maravilla Cultural que Impacta al Mundo\",\"isPartOf\":{\"@id\":\"https:\/\/newsnowworld.com\/es\/#website\"},\"primaryImageOfPage\":{\"@id\":\"https:\/\/newsnowworld.com\/es\/el-arte-y-la-tradicion-se-fusionan-descubre-la-maravilla-cultural-que-impacta-al-mundo\/#primaryimage\"},\"image\":{\"@id\":\"https:\/\/newsnowworld.com\/es\/el-arte-y-la-tradicion-se-fusionan-descubre-la-maravilla-cultural-que-impacta-al-mundo\/#primaryimage\"},\"thumbnailUrl\":\"https:\/\/newsnowworld.com\/es\/wp-content\/uploads\/2023\/05\/0-354.jpg\",\"datePublished\":\"2023-06-22T20:11:58+00:00\",\"dateModified\":\"2023-06-22T20:11:58+00:00\",\"author\":{\"@id\":\"https:\/\/newsnowworld.com\/es\/#\/schema\/person\/9cac2524fb82aa9c56ff4d64abc9933e\"},\"inLanguage\":\"es\",\"potentialAction\":[{\"@type\":\"ReadAction\",\"target\":[\"https:\/\/newsnowworld.com\/es\/el-arte-y-la-tradicion-se-fusionan-descubre-la-maravilla-cultural-que-impacta-al-mundo\/\"]}]},{\"@type\":\"ImageObject\",\"inLanguage\":\"es\",\"@id\":\"https:\/\/newsnowworld.com\/es\/el-arte-y-la-tradicion-se-fusionan-descubre-la-maravilla-cultural-que-impacta-al-mundo\/#primaryimage\",\"url\":\"https:\/\/newsnowworld.com\/es\/wp-content\/uploads\/2023\/05\/0-354.jpg\",\"contentUrl\":\"https:\/\/newsnowworld.com\/es\/wp-content\/uploads\/2023\/05\/0-354.jpg\",\"width\":1100,\"height\":825},{\"@type\":\"WebSite\",\"@id\":\"https:\/\/newsnowworld.com\/es\/#website\",\"url\":\"https:\/\/newsnowworld.com\/es\/\",\"name\":\"NewsNowWorld\",\"description\":\"\",\"potentialAction\":[{\"@type\":\"SearchAction\",\"target\":{\"@type\":\"EntryPoint\",\"urlTemplate\":\"https:\/\/newsnowworld.com\/es\/?s={search_term_string}\"},\"query-input\":{\"@type\":\"PropertyValueSpecification\",\"valueRequired\":true,\"valueName\":\"search_term_string\"}}],\"inLanguage\":\"es\"},{\"@type\":\"Person\",\"@id\":\"https:\/\/newsnowworld.com\/es\/#\/schema\/person\/9cac2524fb82aa9c56ff4d64abc9933e\",\"name\":\"Valeria Catillo\",\"image\":{\"@type\":\"ImageObject\",\"inLanguage\":\"es\",\"@id\":\"https:\/\/newsnowworld.com\/es\/#\/schema\/person\/image\/\",\"url\":\"https:\/\/secure.gravatar.com\/avatar\/1b6716d8318da7cd8a049a1c7b480328?s=96&d=mm&r=g\",\"contentUrl\":\"https:\/\/secure.gravatar.com\/avatar\/1b6716d8318da7cd8a049a1c7b480328?s=96&d=mm&r=g\",\"caption\":\"Valeria Catillo\"},\"sameAs\":[\"https:\/\/newsnowworld.com\/es\"]}]}<\/script>\n<!-- \/ Yoast SEO plugin. -->","yoast_head_json":{"title":"El Arte y la Tradici\u00f3n se Fusionan: Descubre la Maravilla Cultural que Impacta al Mundo","robots":{"index":"index","follow":"follow","max-snippet":"max-snippet:-1","max-image-preview":"max-image-preview:large","max-video-preview":"max-video-preview:-1"},"canonical":"https:\/\/newsnowworld.com\/es\/el-arte-y-la-tradicion-se-fusionan-descubre-la-maravilla-cultural-que-impacta-al-mundo\/","og_locale":"es_ES","og_type":"article","og_title":"El Arte y la Tradici\u00f3n se Fusionan: Descubre la Maravilla Cultural que Impacta al Mundo","og_description":"El Arte y la Tradici\u00f3n se Fusionan: Descubre la Maravilla Cultural que Impacta al Mundo En el vasto panorama de la cultura mundial, existen numerosas manifestaciones art\u00edsticas arraigadas en tradiciones ancestrales que contin\u00faan cautivando y sorprendiendo a personas de todo el planeta. Uno de los fen\u00f3menos m\u00e1s impactantes en este sentido es la fusi\u00f3n del [&hellip;]","og_url":"https:\/\/newsnowworld.com\/es\/el-arte-y-la-tradicion-se-fusionan-descubre-la-maravilla-cultural-que-impacta-al-mundo\/","og_site_name":"NewsNowWorld","article_published_time":"2023-06-22T20:11:58+00:00","og_image":[{"width":1100,"height":825,"url":"https:\/\/newsnowworld.com\/es\/wp-content\/uploads\/2023\/05\/0-354.jpg","type":"image\/jpeg"}],"author":"Valeria Catillo","twitter_card":"summary_large_image","twitter_misc":{"Escrito por":"Valeria Catillo","Tiempo de lectura":"3 minutos"},"schema":{"@context":"https:\/\/schema.org","@graph":[{"@type":"WebPage","@id":"https:\/\/newsnowworld.com\/es\/el-arte-y-la-tradicion-se-fusionan-descubre-la-maravilla-cultural-que-impacta-al-mundo\/","url":"https:\/\/newsnowworld.com\/es\/el-arte-y-la-tradicion-se-fusionan-descubre-la-maravilla-cultural-que-impacta-al-mundo\/","name":"El Arte y la Tradici\u00f3n se Fusionan: Descubre la Maravilla Cultural que Impacta al Mundo","isPartOf":{"@id":"https:\/\/newsnowworld.com\/es\/#website"},"primaryImageOfPage":{"@id":"https:\/\/newsnowworld.com\/es\/el-arte-y-la-tradicion-se-fusionan-descubre-la-maravilla-cultural-que-impacta-al-mundo\/#primaryimage"},"image":{"@id":"https:\/\/newsnowworld.com\/es\/el-arte-y-la-tradicion-se-fusionan-descubre-la-maravilla-cultural-que-impacta-al-mundo\/#primaryimage"},"thumbnailUrl":"https:\/\/newsnowworld.com\/es\/wp-content\/uploads\/2023\/05\/0-354.jpg","datePublished":"2023-06-22T20:11:58+00:00","dateModified":"2023-06-22T20:11:58+00:00","author":{"@id":"https:\/\/newsnowworld.com\/es\/#\/schema\/person\/9cac2524fb82aa9c56ff4d64abc9933e"},"inLanguage":"es","potentialAction":[{"@type":"ReadAction","target":["https:\/\/newsnowworld.com\/es\/el-arte-y-la-tradicion-se-fusionan-descubre-la-maravilla-cultural-que-impacta-al-mundo\/"]}]},{"@type":"ImageObject","inLanguage":"es","@id":"https:\/\/newsnowworld.com\/es\/el-arte-y-la-tradicion-se-fusionan-descubre-la-maravilla-cultural-que-impacta-al-mundo\/#primaryimage","url":"https:\/\/newsnowworld.com\/es\/wp-content\/uploads\/2023\/05\/0-354.jpg","contentUrl":"https:\/\/newsnowworld.com\/es\/wp-content\/uploads\/2023\/05\/0-354.jpg","width":1100,"height":825},{"@type":"WebSite","@id":"https:\/\/newsnowworld.com\/es\/#website","url":"https:\/\/newsnowworld.com\/es\/","name":"NewsNowWorld","description":"","potentialAction":[{"@type":"SearchAction","target":{"@type":"EntryPoint","urlTemplate":"https:\/\/newsnowworld.com\/es\/?s={search_term_string}"},"query-input":{"@type":"PropertyValueSpecification","valueRequired":true,"valueName":"search_term_string"}}],"inLanguage":"es"},{"@type":"Person","@id":"https:\/\/newsnowworld.com\/es\/#\/schema\/person\/9cac2524fb82aa9c56ff4d64abc9933e","name":"Valeria Catillo","image":{"@type":"ImageObject","inLanguage":"es","@id":"https:\/\/newsnowworld.com\/es\/#\/schema\/person\/image\/","url":"https:\/\/secure.gravatar.com\/avatar\/1b6716d8318da7cd8a049a1c7b480328?s=96&d=mm&r=g","contentUrl":"https:\/\/secure.gravatar.com\/avatar\/1b6716d8318da7cd8a049a1c7b480328?s=96&d=mm&r=g","caption":"Valeria Catillo"},"sameAs":["https:\/\/newsnowworld.com\/es"]}]}},"_links":{"self":[{"href":"https:\/\/newsnowworld.com\/es\/wp-json\/wp\/v2\/posts\/1068"}],"collection":[{"href":"https:\/\/newsnowworld.com\/es\/wp-json\/wp\/v2\/posts"}],"about":[{"href":"https:\/\/newsnowworld.com\/es\/wp-json\/wp\/v2\/types\/post"}],"author":[{"embeddable":true,"href":"https:\/\/newsnowworld.com\/es\/wp-json\/wp\/v2\/users\/1"}],"replies":[{"embeddable":true,"href":"https:\/\/newsnowworld.com\/es\/wp-json\/wp\/v2\/comments?post=1068"}],"version-history":[{"count":0,"href":"https:\/\/newsnowworld.com\/es\/wp-json\/wp\/v2\/posts\/1068\/revisions"}],"wp:featuredmedia":[{"embeddable":true,"href":"https:\/\/newsnowworld.com\/es\/wp-json\/wp\/v2\/media\/1069"}],"wp:attachment":[{"href":"https:\/\/newsnowworld.com\/es\/wp-json\/wp\/v2\/media?parent=1068"}],"wp:term":[{"taxonomy":"category","embeddable":true,"href":"https:\/\/newsnowworld.com\/es\/wp-json\/wp\/v2\/categories?post=1068"},{"taxonomy":"post_tag","embeddable":true,"href":"https:\/\/newsnowworld.com\/es\/wp-json\/wp\/v2\/tags?post=1068"}],"curies":[{"name":"wp","href":"https:\/\/api.w.org\/{rel}","templated":true}]}}