{"id":1070,"date":"2023-06-22T20:11:40","date_gmt":"2023-06-22T20:11:40","guid":{"rendered":"https:\/\/newsnowworld.com\/es\/el-asombroso-poder-de-la-igualdad-un-mundo-transformado-por-la-equidad\/"},"modified":"2023-06-22T20:11:40","modified_gmt":"2023-06-22T20:11:40","slug":"el-asombroso-poder-de-la-igualdad-un-mundo-transformado-por-la-equidad","status":"publish","type":"post","link":"https:\/\/newsnowworld.com\/es\/el-asombroso-poder-de-la-igualdad-un-mundo-transformado-por-la-equidad\/","title":{"rendered":"El asombroso poder de la igualdad: Un mundo transformado por la equidad"},"content":{"rendered":"<p>El asombroso poder de la igualdad: Un mundo transformado por la equidad<\/p>\n<p>En la b\u00fasqueda incansable por construir una sociedad m\u00e1s justa y equitativa, la igualdad se ha posicionado como un tema central en el debate p\u00fablico. Y es que, en realidad, el asombroso poder de la igualdad radica en su capacidad para transformar al mundo en uno mejor y m\u00e1s pr\u00f3spero para todos.<\/p>\n<p>La igualdad no se trata solo de asegurar los mismos derechos y oportunidades para todos, sino tambi\u00e9n de garantizar una distribuci\u00f3n justa de los recursos y fomentar una cultura inclusiva que valore y aproveche la diversidad. Es un principio fundamental que debe guiar no solo las pol\u00edticas p\u00fablicas, sino tambi\u00e9n las acciones individuales y colectivas.<\/p>\n<p>En un mundo transformado por la equidad, todas las personas tendr\u00edan acceso a una educaci\u00f3n de calidad, independientemente de su origen socioecon\u00f3mico o g\u00e9nero. Esto permitir\u00eda el desarrollo pleno de cada individuo, desatando su potencial creativo e intelectual. Adem\u00e1s, una educaci\u00f3n igualitaria fomentar\u00eda la tolerancia y el respeto hacia las diferencias, sentando las bases para una convivencia armoniosa y pac\u00edfica.<\/p>\n<p>La equidad tambi\u00e9n implica un acceso igualitario a los servicios de salud. En una sociedad justa, nadie deber\u00eda ser excluido del sistema de salud por motivos econ\u00f3micos o de cualquier otra \u00edndole. La igualdad en el acceso a la atenci\u00f3n m\u00e9dica y la cobertura de los gastos sanitarios permitir\u00edan garantizar una vida digna para todos, independientemente de su condici\u00f3n econ\u00f3mica o social.<\/p>\n<p>Asimismo, la igualdad de g\u00e9nero es un pilar fundamental en la b\u00fasqueda de una sociedad justa y equitativa. En un mundo transformado por la equidad, las mujeres tendr\u00edan las mismas oportunidades y derechos que los hombres en todos los \u00e1mbitos, incluyendo el acceso a cargos de liderazgo y toma de decisiones. La participaci\u00f3n activa de las mujeres en la vida pol\u00edtica, econ\u00f3mica y social es clave para un desarrollo sostenible y una sociedad m\u00e1s justa.<\/p>\n<p>Pero el asombroso poder de la igualdad no se queda solo en el \u00e1mbito social y econ\u00f3mico. Tambi\u00e9n tiene repercusiones positivas en el medio ambiente. La equidad implica una distribuci\u00f3n justa de los recursos naturales y un consumo responsable por parte de todos los actores de la sociedad. Un mundo transformado por la equidad estar\u00eda comprometido con la preservaci\u00f3n del medio ambiente y la promoci\u00f3n de pr\u00e1cticas sostenibles.<\/p>\n<p>En conclusi\u00f3n, la igualdad constituye un poderoso motor de cambio que puede transformar al mundo en uno m\u00e1s justo, equitativo y sostenible para todos. Desde la educaci\u00f3n y la salud hasta la igualdad de g\u00e9nero y el cuidado del medio ambiente, la equidad debe ser un principio rector en todas las esferas de la sociedad. Solo a trav\u00e9s de la promoci\u00f3n y la defensa de la igualdad, podremos construir un mundo en el que todas las personas tengan la oportunidad de vivir una vida plena y digna.<\/p>\n<p>Nota express publicada por <a href=\"https:\/\/mediastarpress.com\/\" target=\"_blank\" rel=\"noopener\">MediaStar | Agencia de Medios<\/a>.<\/p>\n","protected":false},"excerpt":{"rendered":"<p>El asombroso poder de la igualdad: Un mundo transformado por la equidad En la b\u00fasqueda incansable por construir una sociedad m\u00e1s justa y equitativa, la igualdad se ha posicionado como un tema central en el debate p\u00fablico. Y es que, en realidad, el asombroso poder de la igualdad radica en su capacidad para transformar al [&hellip;]<\/p>\n","protected":false},"author":1,"featured_media":1071,"comment_status":"open","ping_status":"open","sticky":false,"template":"","format":"standard","meta":{"inline_featured_image":false,"footnotes":""},"categories":[15],"tags":[],"class_list":{"0":"post-1070","1":"post","2":"type-post","3":"status-publish","4":"format-standard","5":"has-post-thumbnail","7":"category-noticias"},"yoast_head":"<!-- This site is optimized with the Yoast SEO plugin v24.1 - https:\/\/yoast.com\/wordpress\/plugins\/seo\/ -->\n<title>El asombroso poder de la igualdad: Un mundo transformado por la equidad<\/title>\n<meta name=\"robots\" content=\"index, follow, max-snippet:-1, max-image-preview:large, max-video-preview:-1\" \/>\n<link rel=\"canonical\" href=\"https:\/\/newsnowworld.com\/es\/el-asombroso-poder-de-la-igualdad-un-mundo-transformado-por-la-equidad\/\" \/>\n<meta property=\"og:locale\" content=\"es_ES\" \/>\n<meta property=\"og:type\" content=\"article\" \/>\n<meta property=\"og:title\" content=\"El asombroso poder de la igualdad: Un mundo transformado por la equidad\" \/>\n<meta property=\"og:description\" content=\"El asombroso poder de la igualdad: Un mundo transformado por la equidad En la b\u00fasqueda incansable por construir una sociedad m\u00e1s justa y equitativa, la igualdad se ha posicionado como un tema central en el debate p\u00fablico. Y es que, en realidad, el asombroso poder de la igualdad radica en su capacidad para transformar al [&hellip;]\" \/>\n<meta property=\"og:url\" content=\"https:\/\/newsnowworld.com\/es\/el-asombroso-poder-de-la-igualdad-un-mundo-transformado-por-la-equidad\/\" \/>\n<meta property=\"og:site_name\" content=\"NewsNowWorld\" \/>\n<meta property=\"article:published_time\" content=\"2023-06-22T20:11:40+00:00\" \/>\n<meta property=\"og:image\" content=\"https:\/\/newsnowworld.com\/es\/wp-content\/uploads\/2023\/05\/0-427.jpg\" \/>\n\t<meta property=\"og:image:width\" content=\"1100\" \/>\n\t<meta property=\"og:image:height\" content=\"619\" \/>\n\t<meta property=\"og:image:type\" content=\"image\/jpeg\" \/>\n<meta name=\"author\" content=\"Valeria Catillo\" \/>\n<meta name=\"twitter:card\" content=\"summary_large_image\" \/>\n<meta name=\"twitter:label1\" content=\"Escrito por\" \/>\n\t<meta name=\"twitter:data1\" content=\"Valeria Catillo\" \/>\n\t<meta name=\"twitter:label2\" content=\"Tiempo de lectura\" \/>\n\t<meta name=\"twitter:data2\" content=\"3 minutos\" \/>\n<script type=\"application\/ld+json\" class=\"yoast-schema-graph\">{\"@context\":\"https:\/\/schema.org\",\"@graph\":[{\"@type\":\"WebPage\",\"@id\":\"https:\/\/newsnowworld.com\/es\/el-asombroso-poder-de-la-igualdad-un-mundo-transformado-por-la-equidad\/\",\"url\":\"https:\/\/newsnowworld.com\/es\/el-asombroso-poder-de-la-igualdad-un-mundo-transformado-por-la-equidad\/\",\"name\":\"El asombroso poder de la igualdad: Un mundo transformado por la equidad\",\"isPartOf\":{\"@id\":\"https:\/\/newsnowworld.com\/es\/#website\"},\"primaryImageOfPage\":{\"@id\":\"https:\/\/newsnowworld.com\/es\/el-asombroso-poder-de-la-igualdad-un-mundo-transformado-por-la-equidad\/#primaryimage\"},\"image\":{\"@id\":\"https:\/\/newsnowworld.com\/es\/el-asombroso-poder-de-la-igualdad-un-mundo-transformado-por-la-equidad\/#primaryimage\"},\"thumbnailUrl\":\"https:\/\/newsnowworld.com\/es\/wp-content\/uploads\/2023\/05\/0-427.jpg\",\"datePublished\":\"2023-06-22T20:11:40+00:00\",\"dateModified\":\"2023-06-22T20:11:40+00:00\",\"author\":{\"@id\":\"https:\/\/newsnowworld.com\/es\/#\/schema\/person\/9cac2524fb82aa9c56ff4d64abc9933e\"},\"inLanguage\":\"es\",\"potentialAction\":[{\"@type\":\"ReadAction\",\"target\":[\"https:\/\/newsnowworld.com\/es\/el-asombroso-poder-de-la-igualdad-un-mundo-transformado-por-la-equidad\/\"]}]},{\"@type\":\"ImageObject\",\"inLanguage\":\"es\",\"@id\":\"https:\/\/newsnowworld.com\/es\/el-asombroso-poder-de-la-igualdad-un-mundo-transformado-por-la-equidad\/#primaryimage\",\"url\":\"https:\/\/newsnowworld.com\/es\/wp-content\/uploads\/2023\/05\/0-427.jpg\",\"contentUrl\":\"https:\/\/newsnowworld.com\/es\/wp-content\/uploads\/2023\/05\/0-427.jpg\",\"width\":1100,\"height\":619},{\"@type\":\"WebSite\",\"@id\":\"https:\/\/newsnowworld.com\/es\/#website\",\"url\":\"https:\/\/newsnowworld.com\/es\/\",\"name\":\"NewsNowWorld\",\"description\":\"\",\"potentialAction\":[{\"@type\":\"SearchAction\",\"target\":{\"@type\":\"EntryPoint\",\"urlTemplate\":\"https:\/\/newsnowworld.com\/es\/?s={search_term_string}\"},\"query-input\":{\"@type\":\"PropertyValueSpecification\",\"valueRequired\":true,\"valueName\":\"search_term_string\"}}],\"inLanguage\":\"es\"},{\"@type\":\"Person\",\"@id\":\"https:\/\/newsnowworld.com\/es\/#\/schema\/person\/9cac2524fb82aa9c56ff4d64abc9933e\",\"name\":\"Valeria Catillo\",\"image\":{\"@type\":\"ImageObject\",\"inLanguage\":\"es\",\"@id\":\"https:\/\/newsnowworld.com\/es\/#\/schema\/person\/image\/\",\"url\":\"https:\/\/secure.gravatar.com\/avatar\/1b6716d8318da7cd8a049a1c7b480328?s=96&d=mm&r=g\",\"contentUrl\":\"https:\/\/secure.gravatar.com\/avatar\/1b6716d8318da7cd8a049a1c7b480328?s=96&d=mm&r=g\",\"caption\":\"Valeria Catillo\"},\"sameAs\":[\"https:\/\/newsnowworld.com\/es\"]}]}<\/script>\n<!-- \/ Yoast SEO plugin. -->","yoast_head_json":{"title":"El asombroso poder de la igualdad: Un mundo transformado por la equidad","robots":{"index":"index","follow":"follow","max-snippet":"max-snippet:-1","max-image-preview":"max-image-preview:large","max-video-preview":"max-video-preview:-1"},"canonical":"https:\/\/newsnowworld.com\/es\/el-asombroso-poder-de-la-igualdad-un-mundo-transformado-por-la-equidad\/","og_locale":"es_ES","og_type":"article","og_title":"El asombroso poder de la igualdad: Un mundo transformado por la equidad","og_description":"El asombroso poder de la igualdad: Un mundo transformado por la equidad En la b\u00fasqueda incansable por construir una sociedad m\u00e1s justa y equitativa, la igualdad se ha posicionado como un tema central en el debate p\u00fablico. Y es que, en realidad, el asombroso poder de la igualdad radica en su capacidad para transformar al [&hellip;]","og_url":"https:\/\/newsnowworld.com\/es\/el-asombroso-poder-de-la-igualdad-un-mundo-transformado-por-la-equidad\/","og_site_name":"NewsNowWorld","article_published_time":"2023-06-22T20:11:40+00:00","og_image":[{"width":1100,"height":619,"url":"https:\/\/newsnowworld.com\/es\/wp-content\/uploads\/2023\/05\/0-427.jpg","type":"image\/jpeg"}],"author":"Valeria Catillo","twitter_card":"summary_large_image","twitter_misc":{"Escrito por":"Valeria Catillo","Tiempo de lectura":"3 minutos"},"schema":{"@context":"https:\/\/schema.org","@graph":[{"@type":"WebPage","@id":"https:\/\/newsnowworld.com\/es\/el-asombroso-poder-de-la-igualdad-un-mundo-transformado-por-la-equidad\/","url":"https:\/\/newsnowworld.com\/es\/el-asombroso-poder-de-la-igualdad-un-mundo-transformado-por-la-equidad\/","name":"El asombroso poder de la igualdad: Un mundo transformado por la equidad","isPartOf":{"@id":"https:\/\/newsnowworld.com\/es\/#website"},"primaryImageOfPage":{"@id":"https:\/\/newsnowworld.com\/es\/el-asombroso-poder-de-la-igualdad-un-mundo-transformado-por-la-equidad\/#primaryimage"},"image":{"@id":"https:\/\/newsnowworld.com\/es\/el-asombroso-poder-de-la-igualdad-un-mundo-transformado-por-la-equidad\/#primaryimage"},"thumbnailUrl":"https:\/\/newsnowworld.com\/es\/wp-content\/uploads\/2023\/05\/0-427.jpg","datePublished":"2023-06-22T20:11:40+00:00","dateModified":"2023-06-22T20:11:40+00:00","author":{"@id":"https:\/\/newsnowworld.com\/es\/#\/schema\/person\/9cac2524fb82aa9c56ff4d64abc9933e"},"inLanguage":"es","potentialAction":[{"@type":"ReadAction","target":["https:\/\/newsnowworld.com\/es\/el-asombroso-poder-de-la-igualdad-un-mundo-transformado-por-la-equidad\/"]}]},{"@type":"ImageObject","inLanguage":"es","@id":"https:\/\/newsnowworld.com\/es\/el-asombroso-poder-de-la-igualdad-un-mundo-transformado-por-la-equidad\/#primaryimage","url":"https:\/\/newsnowworld.com\/es\/wp-content\/uploads\/2023\/05\/0-427.jpg","contentUrl":"https:\/\/newsnowworld.com\/es\/wp-content\/uploads\/2023\/05\/0-427.jpg","width":1100,"height":619},{"@type":"WebSite","@id":"https:\/\/newsnowworld.com\/es\/#website","url":"https:\/\/newsnowworld.com\/es\/","name":"NewsNowWorld","description":"","potentialAction":[{"@type":"SearchAction","target":{"@type":"EntryPoint","urlTemplate":"https:\/\/newsnowworld.com\/es\/?s={search_term_string}"},"query-input":{"@type":"PropertyValueSpecification","valueRequired":true,"valueName":"search_term_string"}}],"inLanguage":"es"},{"@type":"Person","@id":"https:\/\/newsnowworld.com\/es\/#\/schema\/person\/9cac2524fb82aa9c56ff4d64abc9933e","name":"Valeria Catillo","image":{"@type":"ImageObject","inLanguage":"es","@id":"https:\/\/newsnowworld.com\/es\/#\/schema\/person\/image\/","url":"https:\/\/secure.gravatar.com\/avatar\/1b6716d8318da7cd8a049a1c7b480328?s=96&d=mm&r=g","contentUrl":"https:\/\/secure.gravatar.com\/avatar\/1b6716d8318da7cd8a049a1c7b480328?s=96&d=mm&r=g","caption":"Valeria Catillo"},"sameAs":["https:\/\/newsnowworld.com\/es"]}]}},"_links":{"self":[{"href":"https:\/\/newsnowworld.com\/es\/wp-json\/wp\/v2\/posts\/1070"}],"collection":[{"href":"https:\/\/newsnowworld.com\/es\/wp-json\/wp\/v2\/posts"}],"about":[{"href":"https:\/\/newsnowworld.com\/es\/wp-json\/wp\/v2\/types\/post"}],"author":[{"embeddable":true,"href":"https:\/\/newsnowworld.com\/es\/wp-json\/wp\/v2\/users\/1"}],"replies":[{"embeddable":true,"href":"https:\/\/newsnowworld.com\/es\/wp-json\/wp\/v2\/comments?post=1070"}],"version-history":[{"count":0,"href":"https:\/\/newsnowworld.com\/es\/wp-json\/wp\/v2\/posts\/1070\/revisions"}],"wp:featuredmedia":[{"embeddable":true,"href":"https:\/\/newsnowworld.com\/es\/wp-json\/wp\/v2\/media\/1071"}],"wp:attachment":[{"href":"https:\/\/newsnowworld.com\/es\/wp-json\/wp\/v2\/media?parent=1070"}],"wp:term":[{"taxonomy":"category","embeddable":true,"href":"https:\/\/newsnowworld.com\/es\/wp-json\/wp\/v2\/categories?post=1070"},{"taxonomy":"post_tag","embeddable":true,"href":"https:\/\/newsnowworld.com\/es\/wp-json\/wp\/v2\/tags?post=1070"}],"curies":[{"name":"wp","href":"https:\/\/api.w.org\/{rel}","templated":true}]}}