{"id":1103,"date":"2023-06-22T20:11:43","date_gmt":"2023-06-22T20:11:43","guid":{"rendered":"https:\/\/newsnowworld.com\/es\/el-muro-invisible-que-deseamos-derrumbar-la-lucha-contra-la-discriminacion\/"},"modified":"2023-06-22T20:11:43","modified_gmt":"2023-06-22T20:11:43","slug":"el-muro-invisible-que-deseamos-derrumbar-la-lucha-contra-la-discriminacion","status":"publish","type":"post","link":"https:\/\/newsnowworld.com\/es\/el-muro-invisible-que-deseamos-derrumbar-la-lucha-contra-la-discriminacion\/","title":{"rendered":"El Muro Invisible que Deseamos Derrumbar: La Lucha contra la Discriminaci\u00f3n"},"content":{"rendered":"<p>El Muro Invisible que Deseamos Derrumbar: La Lucha contra la Discriminaci\u00f3n<\/p>\n<p>En la sociedad actual, hay un muro invisible que nos separa y nos impide avanzar hacia la plena igualdad y justicia. Este muro invisible es la discriminaci\u00f3n, un fen\u00f3meno arraigado en nuestras estructuras sociales y culturales que afecta a individuos y comunidades enteras en todo el mundo. La lucha contra la discriminaci\u00f3n se ha convertido en una batalla fundamental para alcanzar una sociedad m\u00e1s inclusiva y respetuosa.<\/p>\n<p>La discriminaci\u00f3n se presenta en diversas formas, como el racismo, el sexismo, la homofobia, la xenofobia y la discriminaci\u00f3n por discapacidad. Estos prejuicios y estereotipos limitan las oportunidades de muchas personas, creando brechas y barreras que les impiden desarrollarse plenamente. Adem\u00e1s, la discriminaci\u00f3n no solo afecta a quienes la sufren directamente, sino que tambi\u00e9n debilita la estructura social en su conjunto, generando desigualdades y tensiones innecesarias.<\/p>\n<p>Es evidente que la lucha contra la discriminaci\u00f3n es un desaf\u00edo complejo y multifac\u00e9tico. Requiere cambios profundos en nuestras actitudes y valores, as\u00ed como en las pol\u00edticas y pr\u00e1cticas de las instituciones. Es un proceso que debe abordarse desde diferentes frentes: educaci\u00f3n, legislaci\u00f3n, medios de comunicaci\u00f3n y sensibilizaci\u00f3n p\u00fablica.<\/p>\n<p>La educaci\u00f3n es una de las herramientas m\u00e1s poderosas en la lucha contra la discriminaci\u00f3n. Debemos promover la educaci\u00f3n inclusiva y diversa, que promueva la tolerancia y el respeto hacia la diversidad. Los curr\u00edculos escolares deben incluir contenidos que aborden la historia y la cultura de diversos grupos sociales, fomentando as\u00ed la comprensi\u00f3n y el aprecio mutuo.<\/p>\n<p>Adem\u00e1s, es imprescindible contar con leyes y pol\u00edticas que protejan a las personas de la discriminaci\u00f3n. Los gobiernos tienen la responsabilidad de garantizar la igualdad ante la ley y de implementar medidas efectivas que promuevan la inclusi\u00f3n social. El fortalecimiento de los mecanismos de denuncia y sanci\u00f3n de actos discriminatorios es clave para prevenir y combatir este fen\u00f3meno.<\/p>\n<p>Los medios de comunicaci\u00f3n tambi\u00e9n desempe\u00f1an un papel crucial en la lucha contra la discriminaci\u00f3n. Deben ser veh\u00edculos de informaci\u00f3n y promoci\u00f3n de la igualdad, evitando la difusi\u00f3n de estereotipos y prejuicios. Los medios tienen la oportunidad de ser agentes de cambio, dando voz a las personas discriminadas y mostrando la diversidad de la sociedad de manera respetuosa.<\/p>\n<p>Finalmente, la sensibilizaci\u00f3n p\u00fablica es fundamental para derribar este muro invisible. Campa\u00f1as de concienciaci\u00f3n y eventos que promuevan la igualdad y el respeto pueden generar un impacto positivo en la sociedad. Es necesario fomentar el di\u00e1logo y el intercambio de ideas, involucrando a todos los sectores de la sociedad en esta lucha com\u00fan.<\/p>\n<p>En definitiva, la lucha contra la discriminaci\u00f3n es un reto apremiante y de vital importancia en nuestra sociedad. Debemos trabajar juntos para derribar el muro invisible que nos separa y construir una sociedad m\u00e1s justa e inclusiva. Solo a trav\u00e9s de la educaci\u00f3n, la legislaci\u00f3n, los medios de comunicaci\u00f3n y la sensibilizaci\u00f3n p\u00fablica podremos lograr avances significativos en esta lucha. Es hora de actuar y dejar atr\u00e1s la discriminaci\u00f3n, convirti\u00e9ndonos en un modelo de respeto y tolerancia para las generaciones futuras.<\/p>\n<p>Nota express publicada por <a href=\"https:\/\/mediastarpress.com\/\" target=\"_blank\" rel=\"noopener\">MediaStar | Agencia de Medios<\/a>.<\/p>\n","protected":false},"excerpt":{"rendered":"<p>El Muro Invisible que Deseamos Derrumbar: La Lucha contra la Discriminaci\u00f3n En la sociedad actual, hay un muro invisible que nos separa y nos impide avanzar hacia la plena igualdad y justicia. Este muro invisible es la discriminaci\u00f3n, un fen\u00f3meno arraigado en nuestras estructuras sociales y culturales que afecta a individuos y comunidades enteras en [&hellip;]<\/p>\n","protected":false},"author":1,"featured_media":799,"comment_status":"open","ping_status":"open","sticky":false,"template":"","format":"standard","meta":{"inline_featured_image":false,"footnotes":""},"categories":[15],"tags":[],"class_list":{"0":"post-1103","1":"post","2":"type-post","3":"status-publish","4":"format-standard","5":"has-post-thumbnail","7":"category-noticias"},"yoast_head":"<!-- This site is optimized with the Yoast SEO plugin v24.1 - https:\/\/yoast.com\/wordpress\/plugins\/seo\/ -->\n<title>El Muro Invisible que Deseamos Derrumbar: La Lucha contra la Discriminaci\u00f3n<\/title>\n<meta name=\"robots\" content=\"index, follow, max-snippet:-1, max-image-preview:large, max-video-preview:-1\" \/>\n<link rel=\"canonical\" href=\"https:\/\/newsnowworld.com\/es\/el-muro-invisible-que-deseamos-derrumbar-la-lucha-contra-la-discriminacion\/\" \/>\n<meta property=\"og:locale\" content=\"es_ES\" \/>\n<meta property=\"og:type\" content=\"article\" \/>\n<meta property=\"og:title\" content=\"El Muro Invisible que Deseamos Derrumbar: La Lucha contra la Discriminaci\u00f3n\" \/>\n<meta property=\"og:description\" content=\"El Muro Invisible que Deseamos Derrumbar: La Lucha contra la Discriminaci\u00f3n En la sociedad actual, hay un muro invisible que nos separa y nos impide avanzar hacia la plena igualdad y justicia. Este muro invisible es la discriminaci\u00f3n, un fen\u00f3meno arraigado en nuestras estructuras sociales y culturales que afecta a individuos y comunidades enteras en [&hellip;]\" \/>\n<meta property=\"og:url\" content=\"https:\/\/newsnowworld.com\/es\/el-muro-invisible-que-deseamos-derrumbar-la-lucha-contra-la-discriminacion\/\" \/>\n<meta property=\"og:site_name\" content=\"NewsNowWorld\" \/>\n<meta property=\"article:published_time\" content=\"2023-06-22T20:11:43+00:00\" \/>\n<meta property=\"og:image\" content=\"https:\/\/newsnowworld.com\/es\/wp-content\/uploads\/2023\/05\/01-48.jpg\" \/>\n\t<meta property=\"og:image:width\" content=\"1100\" \/>\n\t<meta property=\"og:image:height\" content=\"739\" \/>\n\t<meta property=\"og:image:type\" content=\"image\/jpeg\" \/>\n<meta name=\"author\" content=\"Valeria Catillo\" \/>\n<meta name=\"twitter:card\" content=\"summary_large_image\" \/>\n<meta name=\"twitter:label1\" content=\"Escrito por\" \/>\n\t<meta name=\"twitter:data1\" content=\"Valeria Catillo\" \/>\n\t<meta name=\"twitter:label2\" content=\"Tiempo de lectura\" \/>\n\t<meta name=\"twitter:data2\" content=\"3 minutos\" \/>\n<script type=\"application\/ld+json\" class=\"yoast-schema-graph\">{\"@context\":\"https:\/\/schema.org\",\"@graph\":[{\"@type\":\"WebPage\",\"@id\":\"https:\/\/newsnowworld.com\/es\/el-muro-invisible-que-deseamos-derrumbar-la-lucha-contra-la-discriminacion\/\",\"url\":\"https:\/\/newsnowworld.com\/es\/el-muro-invisible-que-deseamos-derrumbar-la-lucha-contra-la-discriminacion\/\",\"name\":\"El Muro Invisible que Deseamos Derrumbar: La Lucha contra la Discriminaci\u00f3n\",\"isPartOf\":{\"@id\":\"https:\/\/newsnowworld.com\/es\/#website\"},\"primaryImageOfPage\":{\"@id\":\"https:\/\/newsnowworld.com\/es\/el-muro-invisible-que-deseamos-derrumbar-la-lucha-contra-la-discriminacion\/#primaryimage\"},\"image\":{\"@id\":\"https:\/\/newsnowworld.com\/es\/el-muro-invisible-que-deseamos-derrumbar-la-lucha-contra-la-discriminacion\/#primaryimage\"},\"thumbnailUrl\":\"https:\/\/newsnowworld.com\/es\/wp-content\/uploads\/2023\/05\/01-48.jpg\",\"datePublished\":\"2023-06-22T20:11:43+00:00\",\"dateModified\":\"2023-06-22T20:11:43+00:00\",\"author\":{\"@id\":\"https:\/\/newsnowworld.com\/es\/#\/schema\/person\/9cac2524fb82aa9c56ff4d64abc9933e\"},\"inLanguage\":\"es\",\"potentialAction\":[{\"@type\":\"ReadAction\",\"target\":[\"https:\/\/newsnowworld.com\/es\/el-muro-invisible-que-deseamos-derrumbar-la-lucha-contra-la-discriminacion\/\"]}]},{\"@type\":\"ImageObject\",\"inLanguage\":\"es\",\"@id\":\"https:\/\/newsnowworld.com\/es\/el-muro-invisible-que-deseamos-derrumbar-la-lucha-contra-la-discriminacion\/#primaryimage\",\"url\":\"https:\/\/newsnowworld.com\/es\/wp-content\/uploads\/2023\/05\/01-48.jpg\",\"contentUrl\":\"https:\/\/newsnowworld.com\/es\/wp-content\/uploads\/2023\/05\/01-48.jpg\",\"width\":1100,\"height\":739},{\"@type\":\"WebSite\",\"@id\":\"https:\/\/newsnowworld.com\/es\/#website\",\"url\":\"https:\/\/newsnowworld.com\/es\/\",\"name\":\"NewsNowWorld\",\"description\":\"\",\"potentialAction\":[{\"@type\":\"SearchAction\",\"target\":{\"@type\":\"EntryPoint\",\"urlTemplate\":\"https:\/\/newsnowworld.com\/es\/?s={search_term_string}\"},\"query-input\":{\"@type\":\"PropertyValueSpecification\",\"valueRequired\":true,\"valueName\":\"search_term_string\"}}],\"inLanguage\":\"es\"},{\"@type\":\"Person\",\"@id\":\"https:\/\/newsnowworld.com\/es\/#\/schema\/person\/9cac2524fb82aa9c56ff4d64abc9933e\",\"name\":\"Valeria Catillo\",\"image\":{\"@type\":\"ImageObject\",\"inLanguage\":\"es\",\"@id\":\"https:\/\/newsnowworld.com\/es\/#\/schema\/person\/image\/\",\"url\":\"https:\/\/secure.gravatar.com\/avatar\/1b6716d8318da7cd8a049a1c7b480328?s=96&d=mm&r=g\",\"contentUrl\":\"https:\/\/secure.gravatar.com\/avatar\/1b6716d8318da7cd8a049a1c7b480328?s=96&d=mm&r=g\",\"caption\":\"Valeria Catillo\"},\"sameAs\":[\"https:\/\/newsnowworld.com\/es\"]}]}<\/script>\n<!-- \/ Yoast SEO plugin. -->","yoast_head_json":{"title":"El Muro Invisible que Deseamos Derrumbar: La Lucha contra la Discriminaci\u00f3n","robots":{"index":"index","follow":"follow","max-snippet":"max-snippet:-1","max-image-preview":"max-image-preview:large","max-video-preview":"max-video-preview:-1"},"canonical":"https:\/\/newsnowworld.com\/es\/el-muro-invisible-que-deseamos-derrumbar-la-lucha-contra-la-discriminacion\/","og_locale":"es_ES","og_type":"article","og_title":"El Muro Invisible que Deseamos Derrumbar: La Lucha contra la Discriminaci\u00f3n","og_description":"El Muro Invisible que Deseamos Derrumbar: La Lucha contra la Discriminaci\u00f3n En la sociedad actual, hay un muro invisible que nos separa y nos impide avanzar hacia la plena igualdad y justicia. Este muro invisible es la discriminaci\u00f3n, un fen\u00f3meno arraigado en nuestras estructuras sociales y culturales que afecta a individuos y comunidades enteras en [&hellip;]","og_url":"https:\/\/newsnowworld.com\/es\/el-muro-invisible-que-deseamos-derrumbar-la-lucha-contra-la-discriminacion\/","og_site_name":"NewsNowWorld","article_published_time":"2023-06-22T20:11:43+00:00","og_image":[{"width":1100,"height":739,"url":"https:\/\/newsnowworld.com\/es\/wp-content\/uploads\/2023\/05\/01-48.jpg","type":"image\/jpeg"}],"author":"Valeria Catillo","twitter_card":"summary_large_image","twitter_misc":{"Escrito por":"Valeria Catillo","Tiempo de lectura":"3 minutos"},"schema":{"@context":"https:\/\/schema.org","@graph":[{"@type":"WebPage","@id":"https:\/\/newsnowworld.com\/es\/el-muro-invisible-que-deseamos-derrumbar-la-lucha-contra-la-discriminacion\/","url":"https:\/\/newsnowworld.com\/es\/el-muro-invisible-que-deseamos-derrumbar-la-lucha-contra-la-discriminacion\/","name":"El Muro Invisible que Deseamos Derrumbar: La Lucha contra la Discriminaci\u00f3n","isPartOf":{"@id":"https:\/\/newsnowworld.com\/es\/#website"},"primaryImageOfPage":{"@id":"https:\/\/newsnowworld.com\/es\/el-muro-invisible-que-deseamos-derrumbar-la-lucha-contra-la-discriminacion\/#primaryimage"},"image":{"@id":"https:\/\/newsnowworld.com\/es\/el-muro-invisible-que-deseamos-derrumbar-la-lucha-contra-la-discriminacion\/#primaryimage"},"thumbnailUrl":"https:\/\/newsnowworld.com\/es\/wp-content\/uploads\/2023\/05\/01-48.jpg","datePublished":"2023-06-22T20:11:43+00:00","dateModified":"2023-06-22T20:11:43+00:00","author":{"@id":"https:\/\/newsnowworld.com\/es\/#\/schema\/person\/9cac2524fb82aa9c56ff4d64abc9933e"},"inLanguage":"es","potentialAction":[{"@type":"ReadAction","target":["https:\/\/newsnowworld.com\/es\/el-muro-invisible-que-deseamos-derrumbar-la-lucha-contra-la-discriminacion\/"]}]},{"@type":"ImageObject","inLanguage":"es","@id":"https:\/\/newsnowworld.com\/es\/el-muro-invisible-que-deseamos-derrumbar-la-lucha-contra-la-discriminacion\/#primaryimage","url":"https:\/\/newsnowworld.com\/es\/wp-content\/uploads\/2023\/05\/01-48.jpg","contentUrl":"https:\/\/newsnowworld.com\/es\/wp-content\/uploads\/2023\/05\/01-48.jpg","width":1100,"height":739},{"@type":"WebSite","@id":"https:\/\/newsnowworld.com\/es\/#website","url":"https:\/\/newsnowworld.com\/es\/","name":"NewsNowWorld","description":"","potentialAction":[{"@type":"SearchAction","target":{"@type":"EntryPoint","urlTemplate":"https:\/\/newsnowworld.com\/es\/?s={search_term_string}"},"query-input":{"@type":"PropertyValueSpecification","valueRequired":true,"valueName":"search_term_string"}}],"inLanguage":"es"},{"@type":"Person","@id":"https:\/\/newsnowworld.com\/es\/#\/schema\/person\/9cac2524fb82aa9c56ff4d64abc9933e","name":"Valeria Catillo","image":{"@type":"ImageObject","inLanguage":"es","@id":"https:\/\/newsnowworld.com\/es\/#\/schema\/person\/image\/","url":"https:\/\/secure.gravatar.com\/avatar\/1b6716d8318da7cd8a049a1c7b480328?s=96&d=mm&r=g","contentUrl":"https:\/\/secure.gravatar.com\/avatar\/1b6716d8318da7cd8a049a1c7b480328?s=96&d=mm&r=g","caption":"Valeria Catillo"},"sameAs":["https:\/\/newsnowworld.com\/es"]}]}},"_links":{"self":[{"href":"https:\/\/newsnowworld.com\/es\/wp-json\/wp\/v2\/posts\/1103"}],"collection":[{"href":"https:\/\/newsnowworld.com\/es\/wp-json\/wp\/v2\/posts"}],"about":[{"href":"https:\/\/newsnowworld.com\/es\/wp-json\/wp\/v2\/types\/post"}],"author":[{"embeddable":true,"href":"https:\/\/newsnowworld.com\/es\/wp-json\/wp\/v2\/users\/1"}],"replies":[{"embeddable":true,"href":"https:\/\/newsnowworld.com\/es\/wp-json\/wp\/v2\/comments?post=1103"}],"version-history":[{"count":0,"href":"https:\/\/newsnowworld.com\/es\/wp-json\/wp\/v2\/posts\/1103\/revisions"}],"wp:featuredmedia":[{"embeddable":true,"href":"https:\/\/newsnowworld.com\/es\/wp-json\/wp\/v2\/media\/799"}],"wp:attachment":[{"href":"https:\/\/newsnowworld.com\/es\/wp-json\/wp\/v2\/media?parent=1103"}],"wp:term":[{"taxonomy":"category","embeddable":true,"href":"https:\/\/newsnowworld.com\/es\/wp-json\/wp\/v2\/categories?post=1103"},{"taxonomy":"post_tag","embeddable":true,"href":"https:\/\/newsnowworld.com\/es\/wp-json\/wp\/v2\/tags?post=1103"}],"curies":[{"name":"wp","href":"https:\/\/api.w.org\/{rel}","templated":true}]}}