{"id":1139,"date":"2023-06-22T20:11:38","date_gmt":"2023-06-22T20:11:38","guid":{"rendered":"https:\/\/newsnowworld.com\/es\/el-valor-de-la-dignidad-un-grito-por-los-derechos-humanos\/"},"modified":"2023-06-22T20:11:38","modified_gmt":"2023-06-22T20:11:38","slug":"el-valor-de-la-dignidad-un-grito-por-los-derechos-humanos","status":"publish","type":"post","link":"https:\/\/newsnowworld.com\/es\/el-valor-de-la-dignidad-un-grito-por-los-derechos-humanos\/","title":{"rendered":"El Valor de la Dignidad: Un Grito por los Derechos Humanos"},"content":{"rendered":"<p>El Valor de la Dignidad: Un Grito por los Derechos Humanos<\/p>\n<p>En el escenario actual, marcado por la intensificaci\u00f3n de las desigualdades sociales y el aumento de los conflictos geopol\u00edticos, el respeto a los derechos humanos se ha convertido en una demanda imperante en nuestra sociedad. La dignidad humana, un principio b\u00e1sico que deber\u00eda prevalecer en todas las circunstancias, se enfrenta constantemente a diversas amenazas y violaciones a lo largo y ancho del globo.<\/p>\n<p>El valor de la dignidad no puede ser subestimado, ya que constituye la base sobre la cual se construye una sociedad justa y equitativa. En teor\u00eda, todos los seres humanos deber\u00edan tener garantizados sus derechos fundamentales, independientemente de su origen \u00e9tnico, g\u00e9nero, orientaci\u00f3n sexual, religi\u00f3n o condici\u00f3n socioecon\u00f3mica. Sin embargo, la dolorosa realidad es que estos derechos siguen siendo vulnerados en innumerables ocasiones y en diferentes contextos.<\/p>\n<p>Am\u00e9rica Latina, una regi\u00f3n caracterizada por su marcada diversidad y desigualdad, no es ajena a esta problem\u00e1tica. Uno de los retos m\u00e1s apremiantes para la defensa de los derechos humanos en la regi\u00f3n es la lucha constante contra la impunidad, la corrupci\u00f3n y la falta de justicia. La impunidad con la que se cometen violaciones a los derechos humanos en muchos pa\u00edses latinoamericanos, tanto por parte de actores estatales como no estatales, genera un ambiente de inseguridad y desconfianza en la poblaci\u00f3n.<\/p>\n<p>Adem\u00e1s, las desigualdades socioecon\u00f3micas que existen en Am\u00e9rica Latina contribuyen a una brecha social cada vez m\u00e1s amplia, donde las garant\u00edas y oportunidades para una vida digna son negadas a una parte significativa de la poblaci\u00f3n. La falta de acceso a servicios b\u00e1sicos como la educaci\u00f3n, la vivienda y la salud, as\u00ed como la persistencia de la pobreza extrema, son circunstancias que atentan directamente contra la dignidad humana.<\/p>\n<p>En este contexto, es fundamental destacar la importancia de la sociedad civil y los movimientos sociales en la defensa y promoci\u00f3n de los derechos humanos. A trav\u00e9s de su activismo y reivindicaciones, estos actores se convierten en la voz de aquellos cuyos derechos han sido violados o ignorados. Son ellos quienes alzan la voz y exigen justicia, igualdad y respeto a la dignidad.<\/p>\n<p>El valor de la dignidad constituye un grito en\u00e9rgico que retumba en cada rinc\u00f3n del planeta, record\u00e1ndonos que debemos permanecer vigilantes y comprometidos en la defensa de los derechos humanos. No podemos permitirnos ser indiferentes ante las injusticias y violaciones que ocurren a diario, tanto en nuestros propios pa\u00edses como en otras naciones.<\/p>\n<p>La dignidad humana debe ser el eje central en todas las pol\u00edticas p\u00fablicas y decisiones tomadas por los gobiernos. Los derechos humanos no son una concesi\u00f3n, sino un deber moral y legal que todos debemos respetar y garantizar. Solo as\u00ed podremos construir una sociedad m\u00e1s justa, equitativa y respetuosa de la dignidad de cada ser humano.<\/p>\n<p>En conclusi\u00f3n, el valor de la dignidad es fundamental en la defensa de los derechos humanos. Am\u00e9rica Latina, al igual que otras partes del mundo, enfrenta desaf\u00edos significativos para garantizar estos derechos y combatir la impunidad y las desigualdades. Sin embargo, es a trav\u00e9s del activismo y la voz de la sociedad civil que podemos generar conciencia y presionar por cambios reales que aseguren la protecci\u00f3n y promoci\u00f3n de los derechos fundamentales de todos los individuos. La lucha por la dignidad humana no debe ser olvidada ni postergada, es un grito que no puede ser silenciado.<\/p>\n<p>Nota express publicada por <a href=\"https:\/\/mediastarpress.com\/\" target=\"_blank\" rel=\"noopener\">MediaStar | Agencia de Medios<\/a>.<\/p>\n","protected":false},"excerpt":{"rendered":"<p>El Valor de la Dignidad: Un Grito por los Derechos Humanos En el escenario actual, marcado por la intensificaci\u00f3n de las desigualdades sociales y el aumento de los conflictos geopol\u00edticos, el respeto a los derechos humanos se ha convertido en una demanda imperante en nuestra sociedad. La dignidad humana, un principio b\u00e1sico que deber\u00eda prevalecer [&hellip;]<\/p>\n","protected":false},"author":1,"featured_media":655,"comment_status":"open","ping_status":"open","sticky":false,"template":"","format":"standard","meta":{"inline_featured_image":false,"footnotes":""},"categories":[15],"tags":[],"class_list":{"0":"post-1139","1":"post","2":"type-post","3":"status-publish","4":"format-standard","5":"has-post-thumbnail","7":"category-noticias"},"yoast_head":"<!-- This site is optimized with the Yoast SEO plugin v24.1 - https:\/\/yoast.com\/wordpress\/plugins\/seo\/ -->\n<title>El Valor de la Dignidad: Un Grito por los Derechos Humanos<\/title>\n<meta name=\"robots\" content=\"index, follow, max-snippet:-1, max-image-preview:large, max-video-preview:-1\" \/>\n<link rel=\"canonical\" href=\"https:\/\/newsnowworld.com\/es\/el-valor-de-la-dignidad-un-grito-por-los-derechos-humanos\/\" \/>\n<meta property=\"og:locale\" content=\"es_ES\" \/>\n<meta property=\"og:type\" content=\"article\" \/>\n<meta property=\"og:title\" content=\"El Valor de la Dignidad: Un Grito por los Derechos Humanos\" \/>\n<meta property=\"og:description\" content=\"El Valor de la Dignidad: Un Grito por los Derechos Humanos En el escenario actual, marcado por la intensificaci\u00f3n de las desigualdades sociales y el aumento de los conflictos geopol\u00edticos, el respeto a los derechos humanos se ha convertido en una demanda imperante en nuestra sociedad. La dignidad humana, un principio b\u00e1sico que deber\u00eda prevalecer [&hellip;]\" \/>\n<meta property=\"og:url\" content=\"https:\/\/newsnowworld.com\/es\/el-valor-de-la-dignidad-un-grito-por-los-derechos-humanos\/\" \/>\n<meta property=\"og:site_name\" content=\"NewsNowWorld\" \/>\n<meta property=\"article:published_time\" content=\"2023-06-22T20:11:38+00:00\" \/>\n<meta property=\"og:image\" content=\"https:\/\/newsnowworld.com\/es\/wp-content\/uploads\/2023\/05\/01-100.jpg\" \/>\n\t<meta property=\"og:image:width\" content=\"1100\" \/>\n\t<meta property=\"og:image:height\" content=\"733\" \/>\n\t<meta property=\"og:image:type\" content=\"image\/jpeg\" \/>\n<meta name=\"author\" content=\"Valeria Catillo\" \/>\n<meta name=\"twitter:card\" content=\"summary_large_image\" \/>\n<meta name=\"twitter:label1\" content=\"Escrito por\" \/>\n\t<meta name=\"twitter:data1\" content=\"Valeria Catillo\" \/>\n\t<meta name=\"twitter:label2\" content=\"Tiempo de lectura\" \/>\n\t<meta name=\"twitter:data2\" content=\"3 minutos\" \/>\n<script type=\"application\/ld+json\" class=\"yoast-schema-graph\">{\"@context\":\"https:\/\/schema.org\",\"@graph\":[{\"@type\":\"WebPage\",\"@id\":\"https:\/\/newsnowworld.com\/es\/el-valor-de-la-dignidad-un-grito-por-los-derechos-humanos\/\",\"url\":\"https:\/\/newsnowworld.com\/es\/el-valor-de-la-dignidad-un-grito-por-los-derechos-humanos\/\",\"name\":\"El Valor de la Dignidad: Un Grito por los Derechos Humanos\",\"isPartOf\":{\"@id\":\"https:\/\/newsnowworld.com\/es\/#website\"},\"primaryImageOfPage\":{\"@id\":\"https:\/\/newsnowworld.com\/es\/el-valor-de-la-dignidad-un-grito-por-los-derechos-humanos\/#primaryimage\"},\"image\":{\"@id\":\"https:\/\/newsnowworld.com\/es\/el-valor-de-la-dignidad-un-grito-por-los-derechos-humanos\/#primaryimage\"},\"thumbnailUrl\":\"https:\/\/newsnowworld.com\/es\/wp-content\/uploads\/2023\/05\/01-100.jpg\",\"datePublished\":\"2023-06-22T20:11:38+00:00\",\"dateModified\":\"2023-06-22T20:11:38+00:00\",\"author\":{\"@id\":\"https:\/\/newsnowworld.com\/es\/#\/schema\/person\/9cac2524fb82aa9c56ff4d64abc9933e\"},\"inLanguage\":\"es\",\"potentialAction\":[{\"@type\":\"ReadAction\",\"target\":[\"https:\/\/newsnowworld.com\/es\/el-valor-de-la-dignidad-un-grito-por-los-derechos-humanos\/\"]}]},{\"@type\":\"ImageObject\",\"inLanguage\":\"es\",\"@id\":\"https:\/\/newsnowworld.com\/es\/el-valor-de-la-dignidad-un-grito-por-los-derechos-humanos\/#primaryimage\",\"url\":\"https:\/\/newsnowworld.com\/es\/wp-content\/uploads\/2023\/05\/01-100.jpg\",\"contentUrl\":\"https:\/\/newsnowworld.com\/es\/wp-content\/uploads\/2023\/05\/01-100.jpg\",\"width\":1100,\"height\":733},{\"@type\":\"WebSite\",\"@id\":\"https:\/\/newsnowworld.com\/es\/#website\",\"url\":\"https:\/\/newsnowworld.com\/es\/\",\"name\":\"NewsNowWorld\",\"description\":\"\",\"potentialAction\":[{\"@type\":\"SearchAction\",\"target\":{\"@type\":\"EntryPoint\",\"urlTemplate\":\"https:\/\/newsnowworld.com\/es\/?s={search_term_string}\"},\"query-input\":{\"@type\":\"PropertyValueSpecification\",\"valueRequired\":true,\"valueName\":\"search_term_string\"}}],\"inLanguage\":\"es\"},{\"@type\":\"Person\",\"@id\":\"https:\/\/newsnowworld.com\/es\/#\/schema\/person\/9cac2524fb82aa9c56ff4d64abc9933e\",\"name\":\"Valeria Catillo\",\"image\":{\"@type\":\"ImageObject\",\"inLanguage\":\"es\",\"@id\":\"https:\/\/newsnowworld.com\/es\/#\/schema\/person\/image\/\",\"url\":\"https:\/\/secure.gravatar.com\/avatar\/1b6716d8318da7cd8a049a1c7b480328?s=96&d=mm&r=g\",\"contentUrl\":\"https:\/\/secure.gravatar.com\/avatar\/1b6716d8318da7cd8a049a1c7b480328?s=96&d=mm&r=g\",\"caption\":\"Valeria Catillo\"},\"sameAs\":[\"https:\/\/newsnowworld.com\/es\"]}]}<\/script>\n<!-- \/ Yoast SEO plugin. -->","yoast_head_json":{"title":"El Valor de la Dignidad: Un Grito por los Derechos Humanos","robots":{"index":"index","follow":"follow","max-snippet":"max-snippet:-1","max-image-preview":"max-image-preview:large","max-video-preview":"max-video-preview:-1"},"canonical":"https:\/\/newsnowworld.com\/es\/el-valor-de-la-dignidad-un-grito-por-los-derechos-humanos\/","og_locale":"es_ES","og_type":"article","og_title":"El Valor de la Dignidad: Un Grito por los Derechos Humanos","og_description":"El Valor de la Dignidad: Un Grito por los Derechos Humanos En el escenario actual, marcado por la intensificaci\u00f3n de las desigualdades sociales y el aumento de los conflictos geopol\u00edticos, el respeto a los derechos humanos se ha convertido en una demanda imperante en nuestra sociedad. La dignidad humana, un principio b\u00e1sico que deber\u00eda prevalecer [&hellip;]","og_url":"https:\/\/newsnowworld.com\/es\/el-valor-de-la-dignidad-un-grito-por-los-derechos-humanos\/","og_site_name":"NewsNowWorld","article_published_time":"2023-06-22T20:11:38+00:00","og_image":[{"width":1100,"height":733,"url":"https:\/\/newsnowworld.com\/es\/wp-content\/uploads\/2023\/05\/01-100.jpg","type":"image\/jpeg"}],"author":"Valeria Catillo","twitter_card":"summary_large_image","twitter_misc":{"Escrito por":"Valeria Catillo","Tiempo de lectura":"3 minutos"},"schema":{"@context":"https:\/\/schema.org","@graph":[{"@type":"WebPage","@id":"https:\/\/newsnowworld.com\/es\/el-valor-de-la-dignidad-un-grito-por-los-derechos-humanos\/","url":"https:\/\/newsnowworld.com\/es\/el-valor-de-la-dignidad-un-grito-por-los-derechos-humanos\/","name":"El Valor de la Dignidad: Un Grito por los Derechos Humanos","isPartOf":{"@id":"https:\/\/newsnowworld.com\/es\/#website"},"primaryImageOfPage":{"@id":"https:\/\/newsnowworld.com\/es\/el-valor-de-la-dignidad-un-grito-por-los-derechos-humanos\/#primaryimage"},"image":{"@id":"https:\/\/newsnowworld.com\/es\/el-valor-de-la-dignidad-un-grito-por-los-derechos-humanos\/#primaryimage"},"thumbnailUrl":"https:\/\/newsnowworld.com\/es\/wp-content\/uploads\/2023\/05\/01-100.jpg","datePublished":"2023-06-22T20:11:38+00:00","dateModified":"2023-06-22T20:11:38+00:00","author":{"@id":"https:\/\/newsnowworld.com\/es\/#\/schema\/person\/9cac2524fb82aa9c56ff4d64abc9933e"},"inLanguage":"es","potentialAction":[{"@type":"ReadAction","target":["https:\/\/newsnowworld.com\/es\/el-valor-de-la-dignidad-un-grito-por-los-derechos-humanos\/"]}]},{"@type":"ImageObject","inLanguage":"es","@id":"https:\/\/newsnowworld.com\/es\/el-valor-de-la-dignidad-un-grito-por-los-derechos-humanos\/#primaryimage","url":"https:\/\/newsnowworld.com\/es\/wp-content\/uploads\/2023\/05\/01-100.jpg","contentUrl":"https:\/\/newsnowworld.com\/es\/wp-content\/uploads\/2023\/05\/01-100.jpg","width":1100,"height":733},{"@type":"WebSite","@id":"https:\/\/newsnowworld.com\/es\/#website","url":"https:\/\/newsnowworld.com\/es\/","name":"NewsNowWorld","description":"","potentialAction":[{"@type":"SearchAction","target":{"@type":"EntryPoint","urlTemplate":"https:\/\/newsnowworld.com\/es\/?s={search_term_string}"},"query-input":{"@type":"PropertyValueSpecification","valueRequired":true,"valueName":"search_term_string"}}],"inLanguage":"es"},{"@type":"Person","@id":"https:\/\/newsnowworld.com\/es\/#\/schema\/person\/9cac2524fb82aa9c56ff4d64abc9933e","name":"Valeria Catillo","image":{"@type":"ImageObject","inLanguage":"es","@id":"https:\/\/newsnowworld.com\/es\/#\/schema\/person\/image\/","url":"https:\/\/secure.gravatar.com\/avatar\/1b6716d8318da7cd8a049a1c7b480328?s=96&d=mm&r=g","contentUrl":"https:\/\/secure.gravatar.com\/avatar\/1b6716d8318da7cd8a049a1c7b480328?s=96&d=mm&r=g","caption":"Valeria Catillo"},"sameAs":["https:\/\/newsnowworld.com\/es"]}]}},"_links":{"self":[{"href":"https:\/\/newsnowworld.com\/es\/wp-json\/wp\/v2\/posts\/1139"}],"collection":[{"href":"https:\/\/newsnowworld.com\/es\/wp-json\/wp\/v2\/posts"}],"about":[{"href":"https:\/\/newsnowworld.com\/es\/wp-json\/wp\/v2\/types\/post"}],"author":[{"embeddable":true,"href":"https:\/\/newsnowworld.com\/es\/wp-json\/wp\/v2\/users\/1"}],"replies":[{"embeddable":true,"href":"https:\/\/newsnowworld.com\/es\/wp-json\/wp\/v2\/comments?post=1139"}],"version-history":[{"count":0,"href":"https:\/\/newsnowworld.com\/es\/wp-json\/wp\/v2\/posts\/1139\/revisions"}],"wp:featuredmedia":[{"embeddable":true,"href":"https:\/\/newsnowworld.com\/es\/wp-json\/wp\/v2\/media\/655"}],"wp:attachment":[{"href":"https:\/\/newsnowworld.com\/es\/wp-json\/wp\/v2\/media?parent=1139"}],"wp:term":[{"taxonomy":"category","embeddable":true,"href":"https:\/\/newsnowworld.com\/es\/wp-json\/wp\/v2\/categories?post=1139"},{"taxonomy":"post_tag","embeddable":true,"href":"https:\/\/newsnowworld.com\/es\/wp-json\/wp\/v2\/tags?post=1139"}],"curies":[{"name":"wp","href":"https:\/\/api.w.org\/{rel}","templated":true}]}}