{"id":1204,"date":"2023-06-22T20:11:33","date_gmt":"2023-06-22T20:11:33","guid":{"rendered":"https:\/\/newsnowworld.com\/es\/la-emblematica-esperanza-renace-refugiados-tejen-puentes-hacia-un-futuro-compartido\/"},"modified":"2023-06-22T20:11:33","modified_gmt":"2023-06-22T20:11:33","slug":"la-emblematica-esperanza-renace-refugiados-tejen-puentes-hacia-un-futuro-compartido","status":"publish","type":"post","link":"https:\/\/newsnowworld.com\/es\/la-emblematica-esperanza-renace-refugiados-tejen-puentes-hacia-un-futuro-compartido\/","title":{"rendered":"La emblem\u00e1tica esperanza renace: Refugiados tejen puentes hacia un futuro compartido"},"content":{"rendered":"<p>La emblem\u00e1tica esperanza renace: Refugiados tejen puentes hacia un futuro compartido<\/p>\n<p>En medio de un presente marcado por crisis internacionales y desaf\u00edos humanitarios sin precedentes, la humanidad se ha visto confrontada con el fen\u00f3meno de los refugiados que, m\u00e1s all\u00e1 de representar una carga para las naciones receptoras, se erigen como protagonistas de una esperanza emblem\u00e1tica que renace.<\/p>\n<p>A lo largo de la historia, los refugiados han sido sin\u00f3nimo de desplazamiento forzoso, dolor y p\u00e9rdida. Sin embargo, en las \u00faltimas d\u00e9cadas, estas personas han dejado de ser simples v\u00edctimas para convertirse en agentes de cambio, tejiendo puentes hacia un futuro compartido. El ingenio y la resiliencia de aquellos obligados a abandonar sus hogares han dado lugar a una nueva narrativa: la de un futuro en com\u00fan, donde los refugiados no solo son acogidos, sino que tambi\u00e9n pueden contribuir significativamente al desarrollo de sus comunidades de acogida.<\/p>\n<p>Un ejemplo paradigm\u00e1tico de este fen\u00f3meno es la iniciativa emprendedora de los refugiados en distintos lugares del mundo. Estas personas, lejos de resignarse a una vida de dependencia, han encontrado en el emprendimiento una v\u00eda para reconstruir sus vidas y establecer puentes hacia un futuro pr\u00f3spero. Desde M\u00e9xico hasta Alemania, pasando por Uganda y Colombia, son innumerables los ejemplos de refugiados que han creado negocios exitosos, generando empleo y contribuyendo al crecimiento econ\u00f3mico de sus pa\u00edses de acogida.<\/p>\n<p>Es importante destacar que la participaci\u00f3n de los refugiados en el \u00e1mbito empresarial no solo se traduce en beneficios econ\u00f3micos, sino tambi\u00e9n en impactos sociales positivos. Muchos de estos emprendedores han decidido enfocar sus proyectos hacia la soluci\u00f3n de problem\u00e1ticas locales, utilizando su propio conocimiento y experiencia de vida para mejorar las condiciones de vida de sus comunidades de acogida. Desde la puesta en marcha de programas de educaci\u00f3n para ni\u00f1os en situaciones de vulnerabilidad, hasta la creaci\u00f3n de iniciativas de inclusi\u00f3n social para personas en riesgo de exclusi\u00f3n, los refugiados se han convertido en actores clave en la construcci\u00f3n de un futuro m\u00e1s justo y equitativo.<\/p>\n<p>Adem\u00e1s de su papel como emprendedores, los refugiados tambi\u00e9n han encontrado en el \u00e1mbito cultural y art\u00edstico una forma de expresi\u00f3n y de integraci\u00f3n en sus nuevas sociedades. Desde la creaci\u00f3n de colectivos art\u00edsticos conformados por refugiados y locales, hasta la organizaci\u00f3n de festivales y exposiciones que visibilizan la diversidad y riqueza cultural de estos colectivos, el arte se ha constituido en una herramienta poderosa para tejer lazos y derribar barreras.<\/p>\n<p>A pesar de los avances y logros alcanzados, es fundamental reconocer que a\u00fan queda mucho por hacer. Los desaf\u00edos a los que se enfrentan los refugiados persisten, y es responsabilidad de la comunidad internacional seguir apoyando y promoviendo pol\u00edticas que fomenten su integraci\u00f3n y participaci\u00f3n activa en la sociedad. Es necesario garantizar el acceso a la educaci\u00f3n, a la salud y al empleo digno, as\u00ed como brindar protecci\u00f3n y asistencia humanitaria a aquellos que a\u00fan se encuentran en situaci\u00f3n de vulnerabilidad.<\/p>\n<p>La emblem\u00e1tica esperanza renace de la mano de los refugiados que, con valent\u00eda y determinaci\u00f3n, est\u00e1n escribiendo una nueva p\u00e1gina en la historia de la humanidad. Son ellos quienes nos ense\u00f1an que la adversidad puede ser transformada en oportunidad, y que la diversidad es un motor de enriquecimiento y progreso. Es hora de reconocer su papel fundamental y de trabajar juntos hacia un futuro compartido, donde la solidaridad y el respeto a los derechos humanos sean los pilares que sostengan nuestra sociedad global.<\/p>\n<p>Nota express publicada por <a href=\"https:\/\/mediastarpress.com\/\" target=\"_blank\" rel=\"noopener\">MediaStar | Agencia de Medios<\/a>.<\/p>\n","protected":false},"excerpt":{"rendered":"<p>La emblem\u00e1tica esperanza renace: Refugiados tejen puentes hacia un futuro compartido En medio de un presente marcado por crisis internacionales y desaf\u00edos humanitarios sin precedentes, la humanidad se ha visto confrontada con el fen\u00f3meno de los refugiados que, m\u00e1s all\u00e1 de representar una carga para las naciones receptoras, se erigen como protagonistas de una esperanza [&hellip;]<\/p>\n","protected":false},"author":1,"featured_media":1205,"comment_status":"open","ping_status":"open","sticky":false,"template":"","format":"standard","meta":{"inline_featured_image":false,"footnotes":""},"categories":[15],"tags":[],"class_list":{"0":"post-1204","1":"post","2":"type-post","3":"status-publish","4":"format-standard","5":"has-post-thumbnail","7":"category-noticias"},"yoast_head":"<!-- This site is optimized with the Yoast SEO plugin v24.1 - https:\/\/yoast.com\/wordpress\/plugins\/seo\/ -->\n<title>La emblem\u00e1tica esperanza renace: Refugiados tejen puentes hacia un futuro compartido<\/title>\n<meta name=\"robots\" content=\"index, follow, max-snippet:-1, max-image-preview:large, max-video-preview:-1\" \/>\n<link rel=\"canonical\" href=\"https:\/\/newsnowworld.com\/es\/la-emblematica-esperanza-renace-refugiados-tejen-puentes-hacia-un-futuro-compartido\/\" \/>\n<meta property=\"og:locale\" content=\"es_ES\" \/>\n<meta property=\"og:type\" content=\"article\" \/>\n<meta property=\"og:title\" content=\"La emblem\u00e1tica esperanza renace: Refugiados tejen puentes hacia un futuro compartido\" \/>\n<meta property=\"og:description\" content=\"La emblem\u00e1tica esperanza renace: Refugiados tejen puentes hacia un futuro compartido En medio de un presente marcado por crisis internacionales y desaf\u00edos humanitarios sin precedentes, la humanidad se ha visto confrontada con el fen\u00f3meno de los refugiados que, m\u00e1s all\u00e1 de representar una carga para las naciones receptoras, se erigen como protagonistas de una esperanza [&hellip;]\" \/>\n<meta property=\"og:url\" content=\"https:\/\/newsnowworld.com\/es\/la-emblematica-esperanza-renace-refugiados-tejen-puentes-hacia-un-futuro-compartido\/\" \/>\n<meta property=\"og:site_name\" content=\"NewsNowWorld\" \/>\n<meta property=\"article:published_time\" content=\"2023-06-22T20:11:33+00:00\" \/>\n<meta property=\"og:image\" content=\"https:\/\/newsnowworld.com\/es\/wp-content\/uploads\/2023\/05\/01-84.jpg\" \/>\n\t<meta property=\"og:image:width\" content=\"1100\" \/>\n\t<meta property=\"og:image:height\" content=\"619\" \/>\n\t<meta property=\"og:image:type\" content=\"image\/jpeg\" \/>\n<meta name=\"author\" content=\"Valeria Catillo\" \/>\n<meta name=\"twitter:card\" content=\"summary_large_image\" \/>\n<meta name=\"twitter:label1\" content=\"Escrito por\" \/>\n\t<meta name=\"twitter:data1\" content=\"Valeria Catillo\" \/>\n\t<meta name=\"twitter:label2\" content=\"Tiempo de lectura\" \/>\n\t<meta name=\"twitter:data2\" content=\"3 minutos\" \/>\n<script type=\"application\/ld+json\" class=\"yoast-schema-graph\">{\"@context\":\"https:\/\/schema.org\",\"@graph\":[{\"@type\":\"WebPage\",\"@id\":\"https:\/\/newsnowworld.com\/es\/la-emblematica-esperanza-renace-refugiados-tejen-puentes-hacia-un-futuro-compartido\/\",\"url\":\"https:\/\/newsnowworld.com\/es\/la-emblematica-esperanza-renace-refugiados-tejen-puentes-hacia-un-futuro-compartido\/\",\"name\":\"La emblem\u00e1tica esperanza renace: Refugiados tejen puentes hacia un futuro compartido\",\"isPartOf\":{\"@id\":\"https:\/\/newsnowworld.com\/es\/#website\"},\"primaryImageOfPage\":{\"@id\":\"https:\/\/newsnowworld.com\/es\/la-emblematica-esperanza-renace-refugiados-tejen-puentes-hacia-un-futuro-compartido\/#primaryimage\"},\"image\":{\"@id\":\"https:\/\/newsnowworld.com\/es\/la-emblematica-esperanza-renace-refugiados-tejen-puentes-hacia-un-futuro-compartido\/#primaryimage\"},\"thumbnailUrl\":\"https:\/\/newsnowworld.com\/es\/wp-content\/uploads\/2023\/05\/01-84.jpg\",\"datePublished\":\"2023-06-22T20:11:33+00:00\",\"dateModified\":\"2023-06-22T20:11:33+00:00\",\"author\":{\"@id\":\"https:\/\/newsnowworld.com\/es\/#\/schema\/person\/9cac2524fb82aa9c56ff4d64abc9933e\"},\"inLanguage\":\"es\",\"potentialAction\":[{\"@type\":\"ReadAction\",\"target\":[\"https:\/\/newsnowworld.com\/es\/la-emblematica-esperanza-renace-refugiados-tejen-puentes-hacia-un-futuro-compartido\/\"]}]},{\"@type\":\"ImageObject\",\"inLanguage\":\"es\",\"@id\":\"https:\/\/newsnowworld.com\/es\/la-emblematica-esperanza-renace-refugiados-tejen-puentes-hacia-un-futuro-compartido\/#primaryimage\",\"url\":\"https:\/\/newsnowworld.com\/es\/wp-content\/uploads\/2023\/05\/01-84.jpg\",\"contentUrl\":\"https:\/\/newsnowworld.com\/es\/wp-content\/uploads\/2023\/05\/01-84.jpg\",\"width\":1100,\"height\":619},{\"@type\":\"WebSite\",\"@id\":\"https:\/\/newsnowworld.com\/es\/#website\",\"url\":\"https:\/\/newsnowworld.com\/es\/\",\"name\":\"NewsNowWorld\",\"description\":\"\",\"potentialAction\":[{\"@type\":\"SearchAction\",\"target\":{\"@type\":\"EntryPoint\",\"urlTemplate\":\"https:\/\/newsnowworld.com\/es\/?s={search_term_string}\"},\"query-input\":{\"@type\":\"PropertyValueSpecification\",\"valueRequired\":true,\"valueName\":\"search_term_string\"}}],\"inLanguage\":\"es\"},{\"@type\":\"Person\",\"@id\":\"https:\/\/newsnowworld.com\/es\/#\/schema\/person\/9cac2524fb82aa9c56ff4d64abc9933e\",\"name\":\"Valeria Catillo\",\"image\":{\"@type\":\"ImageObject\",\"inLanguage\":\"es\",\"@id\":\"https:\/\/newsnowworld.com\/es\/#\/schema\/person\/image\/\",\"url\":\"https:\/\/secure.gravatar.com\/avatar\/1b6716d8318da7cd8a049a1c7b480328?s=96&d=mm&r=g\",\"contentUrl\":\"https:\/\/secure.gravatar.com\/avatar\/1b6716d8318da7cd8a049a1c7b480328?s=96&d=mm&r=g\",\"caption\":\"Valeria Catillo\"},\"sameAs\":[\"https:\/\/newsnowworld.com\/es\"]}]}<\/script>\n<!-- \/ Yoast SEO plugin. -->","yoast_head_json":{"title":"La emblem\u00e1tica esperanza renace: Refugiados tejen puentes hacia un futuro compartido","robots":{"index":"index","follow":"follow","max-snippet":"max-snippet:-1","max-image-preview":"max-image-preview:large","max-video-preview":"max-video-preview:-1"},"canonical":"https:\/\/newsnowworld.com\/es\/la-emblematica-esperanza-renace-refugiados-tejen-puentes-hacia-un-futuro-compartido\/","og_locale":"es_ES","og_type":"article","og_title":"La emblem\u00e1tica esperanza renace: Refugiados tejen puentes hacia un futuro compartido","og_description":"La emblem\u00e1tica esperanza renace: Refugiados tejen puentes hacia un futuro compartido En medio de un presente marcado por crisis internacionales y desaf\u00edos humanitarios sin precedentes, la humanidad se ha visto confrontada con el fen\u00f3meno de los refugiados que, m\u00e1s all\u00e1 de representar una carga para las naciones receptoras, se erigen como protagonistas de una esperanza [&hellip;]","og_url":"https:\/\/newsnowworld.com\/es\/la-emblematica-esperanza-renace-refugiados-tejen-puentes-hacia-un-futuro-compartido\/","og_site_name":"NewsNowWorld","article_published_time":"2023-06-22T20:11:33+00:00","og_image":[{"width":1100,"height":619,"url":"https:\/\/newsnowworld.com\/es\/wp-content\/uploads\/2023\/05\/01-84.jpg","type":"image\/jpeg"}],"author":"Valeria Catillo","twitter_card":"summary_large_image","twitter_misc":{"Escrito por":"Valeria Catillo","Tiempo de lectura":"3 minutos"},"schema":{"@context":"https:\/\/schema.org","@graph":[{"@type":"WebPage","@id":"https:\/\/newsnowworld.com\/es\/la-emblematica-esperanza-renace-refugiados-tejen-puentes-hacia-un-futuro-compartido\/","url":"https:\/\/newsnowworld.com\/es\/la-emblematica-esperanza-renace-refugiados-tejen-puentes-hacia-un-futuro-compartido\/","name":"La emblem\u00e1tica esperanza renace: Refugiados tejen puentes hacia un futuro compartido","isPartOf":{"@id":"https:\/\/newsnowworld.com\/es\/#website"},"primaryImageOfPage":{"@id":"https:\/\/newsnowworld.com\/es\/la-emblematica-esperanza-renace-refugiados-tejen-puentes-hacia-un-futuro-compartido\/#primaryimage"},"image":{"@id":"https:\/\/newsnowworld.com\/es\/la-emblematica-esperanza-renace-refugiados-tejen-puentes-hacia-un-futuro-compartido\/#primaryimage"},"thumbnailUrl":"https:\/\/newsnowworld.com\/es\/wp-content\/uploads\/2023\/05\/01-84.jpg","datePublished":"2023-06-22T20:11:33+00:00","dateModified":"2023-06-22T20:11:33+00:00","author":{"@id":"https:\/\/newsnowworld.com\/es\/#\/schema\/person\/9cac2524fb82aa9c56ff4d64abc9933e"},"inLanguage":"es","potentialAction":[{"@type":"ReadAction","target":["https:\/\/newsnowworld.com\/es\/la-emblematica-esperanza-renace-refugiados-tejen-puentes-hacia-un-futuro-compartido\/"]}]},{"@type":"ImageObject","inLanguage":"es","@id":"https:\/\/newsnowworld.com\/es\/la-emblematica-esperanza-renace-refugiados-tejen-puentes-hacia-un-futuro-compartido\/#primaryimage","url":"https:\/\/newsnowworld.com\/es\/wp-content\/uploads\/2023\/05\/01-84.jpg","contentUrl":"https:\/\/newsnowworld.com\/es\/wp-content\/uploads\/2023\/05\/01-84.jpg","width":1100,"height":619},{"@type":"WebSite","@id":"https:\/\/newsnowworld.com\/es\/#website","url":"https:\/\/newsnowworld.com\/es\/","name":"NewsNowWorld","description":"","potentialAction":[{"@type":"SearchAction","target":{"@type":"EntryPoint","urlTemplate":"https:\/\/newsnowworld.com\/es\/?s={search_term_string}"},"query-input":{"@type":"PropertyValueSpecification","valueRequired":true,"valueName":"search_term_string"}}],"inLanguage":"es"},{"@type":"Person","@id":"https:\/\/newsnowworld.com\/es\/#\/schema\/person\/9cac2524fb82aa9c56ff4d64abc9933e","name":"Valeria Catillo","image":{"@type":"ImageObject","inLanguage":"es","@id":"https:\/\/newsnowworld.com\/es\/#\/schema\/person\/image\/","url":"https:\/\/secure.gravatar.com\/avatar\/1b6716d8318da7cd8a049a1c7b480328?s=96&d=mm&r=g","contentUrl":"https:\/\/secure.gravatar.com\/avatar\/1b6716d8318da7cd8a049a1c7b480328?s=96&d=mm&r=g","caption":"Valeria Catillo"},"sameAs":["https:\/\/newsnowworld.com\/es"]}]}},"_links":{"self":[{"href":"https:\/\/newsnowworld.com\/es\/wp-json\/wp\/v2\/posts\/1204"}],"collection":[{"href":"https:\/\/newsnowworld.com\/es\/wp-json\/wp\/v2\/posts"}],"about":[{"href":"https:\/\/newsnowworld.com\/es\/wp-json\/wp\/v2\/types\/post"}],"author":[{"embeddable":true,"href":"https:\/\/newsnowworld.com\/es\/wp-json\/wp\/v2\/users\/1"}],"replies":[{"embeddable":true,"href":"https:\/\/newsnowworld.com\/es\/wp-json\/wp\/v2\/comments?post=1204"}],"version-history":[{"count":0,"href":"https:\/\/newsnowworld.com\/es\/wp-json\/wp\/v2\/posts\/1204\/revisions"}],"wp:featuredmedia":[{"embeddable":true,"href":"https:\/\/newsnowworld.com\/es\/wp-json\/wp\/v2\/media\/1205"}],"wp:attachment":[{"href":"https:\/\/newsnowworld.com\/es\/wp-json\/wp\/v2\/media?parent=1204"}],"wp:term":[{"taxonomy":"category","embeddable":true,"href":"https:\/\/newsnowworld.com\/es\/wp-json\/wp\/v2\/categories?post=1204"},{"taxonomy":"post_tag","embeddable":true,"href":"https:\/\/newsnowworld.com\/es\/wp-json\/wp\/v2\/tags?post=1204"}],"curies":[{"name":"wp","href":"https:\/\/api.w.org\/{rel}","templated":true}]}}