{"id":726,"date":"2023-06-22T20:11:30","date_gmt":"2023-06-22T20:11:30","guid":{"rendered":"https:\/\/newsnowworld.com\/es\/dile-adios-al-miedo-la-humanidad-florece-apagando-las-llamas-del-terror\/"},"modified":"2023-06-22T20:11:30","modified_gmt":"2023-06-22T20:11:30","slug":"dile-adios-al-miedo-la-humanidad-florece-apagando-las-llamas-del-terror","status":"publish","type":"post","link":"https:\/\/newsnowworld.com\/es\/dile-adios-al-miedo-la-humanidad-florece-apagando-las-llamas-del-terror\/","title":{"rendered":"\u00a1Dile adi\u00f3s al miedo! La humanidad florece apagando las llamas del terror"},"content":{"rendered":"<p>\u00a1Dile adi\u00f3s al miedo! La humanidad florece apagando las llamas del terror<\/p>\n<p>En medio de un mundo que constantemente enfrenta desaf\u00edos en materia de seguridad y terrorismo, es imperativo destacar la importancia de erradicar el miedo que se ha apoderado de nuestra sociedad. A lo largo de la historia, la humanidad ha demostrado una y otra vez su resiliencia y capacidad para florecer en momentos de adversidad, apagando las llamas del terror y abrazando la esperanza.<\/p>\n<p>El miedo, una emoci\u00f3n b\u00e1sica y natural, puede llegar a ser paralizante cuando se convierte en un elemento pervasivo en el tejido social. Las llamas del terror se alimentan de las acciones despiadadas de individuos o grupos con agendas nefastas, que buscan sembrar m\u00e1s miedo e inseguridad en nuestras vidas cotidianas. Sin embargo, es en los momentos m\u00e1s dif\u00edciles cuando la humanidad se une, recordando su valent\u00eda y solidaridad innatas.<\/p>\n<p>Es inspirador ver c\u00f3mo la sociedad se organiza y responde a las situaciones de terror. Hemos sido testigos de actos heroicos por parte de personas comunes que, enfrent\u00e1ndose al miedo, han decidido proteger y ayudar a los dem\u00e1s. Desde los rescatistas que se adentran en zonas de peligro para salvar vidas, hasta las organizaciones civiles que brindan apoyo a las v\u00edctimas, el esp\u00edritu humano brilla cuando m\u00e1s lo necesitamos.<\/p>\n<p>Apagar las llamas del terror no solo implica luchar contra aquellos que buscan infundir miedo, sino tambi\u00e9n trabajar en la prevenci\u00f3n y eliminaci\u00f3n de las causas subyacentes que generan este tipo de acciones violentas. Esto implica abordar desigualdades sociales, promover la tolerancia y la inclusi\u00f3n, as\u00ed como educar a las futuras generaciones en valores de paz y respeto. En este sentido, el poder de la educaci\u00f3n y la conciencia es fundamental para construir una sociedad resiliente y capaz de hacer frente a cualquier desaf\u00edo.<\/p>\n<p>No podemos olvidar la importancia de la solidaridad internacional. En un mundo globalizado, donde las fronteras son cada vez menos un obst\u00e1culo, la cooperaci\u00f3n y el intercambio de informaci\u00f3n entre pa\u00edses se convierte en una herramienta esencial en la lucha contra el terrorismo. Los gobiernos y las organizaciones internacionales deben trabajar juntos, compartiendo estrategias, recursos y conocimientos, para garantizar la seguridad y el bienestar de todas las personas.<\/p>\n<p>Es cierto que el camino hacia la erradicaci\u00f3n del miedo y el terror es largo y complejo. Sin embargo, la historia nos ha ense\u00f1ado que la humanidad posee una capacidad innata para superar las adversidades m\u00e1s dif\u00edciles. Es fundamental creer en nuestra capacidad colectiva para apagar las llamas del terror y construir un futuro en el que la paz prevalezca sobre el miedo.<\/p>\n<p>En \u00faltima instancia, es en momentos desafiantes que la humanidad florece. Cuando nos unimos en solidaridad, cuando elegimos el amor y la esperanza por encima del miedo, demostramos que somos capaces de superar cualquier obst\u00e1culo. \u00a1Dile adi\u00f3s al miedo y d\u00e9mosle la bienvenida a un futuro lleno de posibilidades infinitas!<\/p>\n<p>Nota express publicada por <a href=\"https:\/\/mediastarpress.com\/\" target=\"_blank\" rel=\"noopener\">MediaStar | Agencia de Medios<\/a>.<\/p>\n","protected":false},"excerpt":{"rendered":"<p>\u00a1Dile adi\u00f3s al miedo! La humanidad florece apagando las llamas del terror En medio de un mundo que constantemente enfrenta desaf\u00edos en materia de seguridad y terrorismo, es imperativo destacar la importancia de erradicar el miedo que se ha apoderado de nuestra sociedad. A lo largo de la historia, la humanidad ha demostrado una y [&hellip;]<\/p>\n","protected":false},"author":1,"featured_media":727,"comment_status":"open","ping_status":"open","sticky":false,"template":"","format":"standard","meta":{"inline_featured_image":false,"footnotes":""},"categories":[15],"tags":[],"class_list":{"0":"post-726","1":"post","2":"type-post","3":"status-publish","4":"format-standard","5":"has-post-thumbnail","7":"category-noticias"},"yoast_head":"<!-- This site is optimized with the Yoast SEO plugin v24.1 - https:\/\/yoast.com\/wordpress\/plugins\/seo\/ -->\n<title>\u00a1Dile adi\u00f3s al miedo! La humanidad florece apagando las llamas del terror<\/title>\n<meta name=\"robots\" content=\"index, follow, max-snippet:-1, max-image-preview:large, max-video-preview:-1\" \/>\n<link rel=\"canonical\" href=\"https:\/\/newsnowworld.com\/es\/dile-adios-al-miedo-la-humanidad-florece-apagando-las-llamas-del-terror\/\" \/>\n<meta property=\"og:locale\" content=\"es_ES\" \/>\n<meta property=\"og:type\" content=\"article\" \/>\n<meta property=\"og:title\" content=\"\u00a1Dile adi\u00f3s al miedo! La humanidad florece apagando las llamas del terror\" \/>\n<meta property=\"og:description\" content=\"\u00a1Dile adi\u00f3s al miedo! La humanidad florece apagando las llamas del terror En medio de un mundo que constantemente enfrenta desaf\u00edos en materia de seguridad y terrorismo, es imperativo destacar la importancia de erradicar el miedo que se ha apoderado de nuestra sociedad. A lo largo de la historia, la humanidad ha demostrado una y [&hellip;]\" \/>\n<meta property=\"og:url\" content=\"https:\/\/newsnowworld.com\/es\/dile-adios-al-miedo-la-humanidad-florece-apagando-las-llamas-del-terror\/\" \/>\n<meta property=\"og:site_name\" content=\"NewsNowWorld\" \/>\n<meta property=\"article:published_time\" content=\"2023-06-22T20:11:30+00:00\" \/>\n<meta property=\"og:image\" content=\"https:\/\/newsnowworld.com\/es\/wp-content\/uploads\/2023\/05\/0-340.jpg\" \/>\n\t<meta property=\"og:image:width\" content=\"1100\" \/>\n\t<meta property=\"og:image:height\" content=\"598\" \/>\n\t<meta property=\"og:image:type\" content=\"image\/jpeg\" \/>\n<meta name=\"author\" content=\"Valeria Catillo\" \/>\n<meta name=\"twitter:card\" content=\"summary_large_image\" \/>\n<meta name=\"twitter:label1\" content=\"Escrito por\" \/>\n\t<meta name=\"twitter:data1\" content=\"Valeria Catillo\" \/>\n\t<meta name=\"twitter:label2\" content=\"Tiempo de lectura\" \/>\n\t<meta name=\"twitter:data2\" content=\"3 minutos\" \/>\n<script type=\"application\/ld+json\" class=\"yoast-schema-graph\">{\"@context\":\"https:\/\/schema.org\",\"@graph\":[{\"@type\":\"WebPage\",\"@id\":\"https:\/\/newsnowworld.com\/es\/dile-adios-al-miedo-la-humanidad-florece-apagando-las-llamas-del-terror\/\",\"url\":\"https:\/\/newsnowworld.com\/es\/dile-adios-al-miedo-la-humanidad-florece-apagando-las-llamas-del-terror\/\",\"name\":\"\u00a1Dile adi\u00f3s al miedo! La humanidad florece apagando las llamas del terror\",\"isPartOf\":{\"@id\":\"https:\/\/newsnowworld.com\/es\/#website\"},\"primaryImageOfPage\":{\"@id\":\"https:\/\/newsnowworld.com\/es\/dile-adios-al-miedo-la-humanidad-florece-apagando-las-llamas-del-terror\/#primaryimage\"},\"image\":{\"@id\":\"https:\/\/newsnowworld.com\/es\/dile-adios-al-miedo-la-humanidad-florece-apagando-las-llamas-del-terror\/#primaryimage\"},\"thumbnailUrl\":\"https:\/\/newsnowworld.com\/es\/wp-content\/uploads\/2023\/05\/0-340.jpg\",\"datePublished\":\"2023-06-22T20:11:30+00:00\",\"dateModified\":\"2023-06-22T20:11:30+00:00\",\"author\":{\"@id\":\"https:\/\/newsnowworld.com\/es\/#\/schema\/person\/9cac2524fb82aa9c56ff4d64abc9933e\"},\"inLanguage\":\"es\",\"potentialAction\":[{\"@type\":\"ReadAction\",\"target\":[\"https:\/\/newsnowworld.com\/es\/dile-adios-al-miedo-la-humanidad-florece-apagando-las-llamas-del-terror\/\"]}]},{\"@type\":\"ImageObject\",\"inLanguage\":\"es\",\"@id\":\"https:\/\/newsnowworld.com\/es\/dile-adios-al-miedo-la-humanidad-florece-apagando-las-llamas-del-terror\/#primaryimage\",\"url\":\"https:\/\/newsnowworld.com\/es\/wp-content\/uploads\/2023\/05\/0-340.jpg\",\"contentUrl\":\"https:\/\/newsnowworld.com\/es\/wp-content\/uploads\/2023\/05\/0-340.jpg\",\"width\":1100,\"height\":598},{\"@type\":\"WebSite\",\"@id\":\"https:\/\/newsnowworld.com\/es\/#website\",\"url\":\"https:\/\/newsnowworld.com\/es\/\",\"name\":\"NewsNowWorld\",\"description\":\"\",\"potentialAction\":[{\"@type\":\"SearchAction\",\"target\":{\"@type\":\"EntryPoint\",\"urlTemplate\":\"https:\/\/newsnowworld.com\/es\/?s={search_term_string}\"},\"query-input\":{\"@type\":\"PropertyValueSpecification\",\"valueRequired\":true,\"valueName\":\"search_term_string\"}}],\"inLanguage\":\"es\"},{\"@type\":\"Person\",\"@id\":\"https:\/\/newsnowworld.com\/es\/#\/schema\/person\/9cac2524fb82aa9c56ff4d64abc9933e\",\"name\":\"Valeria Catillo\",\"image\":{\"@type\":\"ImageObject\",\"inLanguage\":\"es\",\"@id\":\"https:\/\/newsnowworld.com\/es\/#\/schema\/person\/image\/\",\"url\":\"https:\/\/secure.gravatar.com\/avatar\/1b6716d8318da7cd8a049a1c7b480328?s=96&d=mm&r=g\",\"contentUrl\":\"https:\/\/secure.gravatar.com\/avatar\/1b6716d8318da7cd8a049a1c7b480328?s=96&d=mm&r=g\",\"caption\":\"Valeria Catillo\"},\"sameAs\":[\"https:\/\/newsnowworld.com\/es\"]}]}<\/script>\n<!-- \/ Yoast SEO plugin. -->","yoast_head_json":{"title":"\u00a1Dile adi\u00f3s al miedo! La humanidad florece apagando las llamas del terror","robots":{"index":"index","follow":"follow","max-snippet":"max-snippet:-1","max-image-preview":"max-image-preview:large","max-video-preview":"max-video-preview:-1"},"canonical":"https:\/\/newsnowworld.com\/es\/dile-adios-al-miedo-la-humanidad-florece-apagando-las-llamas-del-terror\/","og_locale":"es_ES","og_type":"article","og_title":"\u00a1Dile adi\u00f3s al miedo! La humanidad florece apagando las llamas del terror","og_description":"\u00a1Dile adi\u00f3s al miedo! La humanidad florece apagando las llamas del terror En medio de un mundo que constantemente enfrenta desaf\u00edos en materia de seguridad y terrorismo, es imperativo destacar la importancia de erradicar el miedo que se ha apoderado de nuestra sociedad. A lo largo de la historia, la humanidad ha demostrado una y [&hellip;]","og_url":"https:\/\/newsnowworld.com\/es\/dile-adios-al-miedo-la-humanidad-florece-apagando-las-llamas-del-terror\/","og_site_name":"NewsNowWorld","article_published_time":"2023-06-22T20:11:30+00:00","og_image":[{"width":1100,"height":598,"url":"https:\/\/newsnowworld.com\/es\/wp-content\/uploads\/2023\/05\/0-340.jpg","type":"image\/jpeg"}],"author":"Valeria Catillo","twitter_card":"summary_large_image","twitter_misc":{"Escrito por":"Valeria Catillo","Tiempo de lectura":"3 minutos"},"schema":{"@context":"https:\/\/schema.org","@graph":[{"@type":"WebPage","@id":"https:\/\/newsnowworld.com\/es\/dile-adios-al-miedo-la-humanidad-florece-apagando-las-llamas-del-terror\/","url":"https:\/\/newsnowworld.com\/es\/dile-adios-al-miedo-la-humanidad-florece-apagando-las-llamas-del-terror\/","name":"\u00a1Dile adi\u00f3s al miedo! La humanidad florece apagando las llamas del terror","isPartOf":{"@id":"https:\/\/newsnowworld.com\/es\/#website"},"primaryImageOfPage":{"@id":"https:\/\/newsnowworld.com\/es\/dile-adios-al-miedo-la-humanidad-florece-apagando-las-llamas-del-terror\/#primaryimage"},"image":{"@id":"https:\/\/newsnowworld.com\/es\/dile-adios-al-miedo-la-humanidad-florece-apagando-las-llamas-del-terror\/#primaryimage"},"thumbnailUrl":"https:\/\/newsnowworld.com\/es\/wp-content\/uploads\/2023\/05\/0-340.jpg","datePublished":"2023-06-22T20:11:30+00:00","dateModified":"2023-06-22T20:11:30+00:00","author":{"@id":"https:\/\/newsnowworld.com\/es\/#\/schema\/person\/9cac2524fb82aa9c56ff4d64abc9933e"},"inLanguage":"es","potentialAction":[{"@type":"ReadAction","target":["https:\/\/newsnowworld.com\/es\/dile-adios-al-miedo-la-humanidad-florece-apagando-las-llamas-del-terror\/"]}]},{"@type":"ImageObject","inLanguage":"es","@id":"https:\/\/newsnowworld.com\/es\/dile-adios-al-miedo-la-humanidad-florece-apagando-las-llamas-del-terror\/#primaryimage","url":"https:\/\/newsnowworld.com\/es\/wp-content\/uploads\/2023\/05\/0-340.jpg","contentUrl":"https:\/\/newsnowworld.com\/es\/wp-content\/uploads\/2023\/05\/0-340.jpg","width":1100,"height":598},{"@type":"WebSite","@id":"https:\/\/newsnowworld.com\/es\/#website","url":"https:\/\/newsnowworld.com\/es\/","name":"NewsNowWorld","description":"","potentialAction":[{"@type":"SearchAction","target":{"@type":"EntryPoint","urlTemplate":"https:\/\/newsnowworld.com\/es\/?s={search_term_string}"},"query-input":{"@type":"PropertyValueSpecification","valueRequired":true,"valueName":"search_term_string"}}],"inLanguage":"es"},{"@type":"Person","@id":"https:\/\/newsnowworld.com\/es\/#\/schema\/person\/9cac2524fb82aa9c56ff4d64abc9933e","name":"Valeria Catillo","image":{"@type":"ImageObject","inLanguage":"es","@id":"https:\/\/newsnowworld.com\/es\/#\/schema\/person\/image\/","url":"https:\/\/secure.gravatar.com\/avatar\/1b6716d8318da7cd8a049a1c7b480328?s=96&d=mm&r=g","contentUrl":"https:\/\/secure.gravatar.com\/avatar\/1b6716d8318da7cd8a049a1c7b480328?s=96&d=mm&r=g","caption":"Valeria Catillo"},"sameAs":["https:\/\/newsnowworld.com\/es"]}]}},"_links":{"self":[{"href":"https:\/\/newsnowworld.com\/es\/wp-json\/wp\/v2\/posts\/726"}],"collection":[{"href":"https:\/\/newsnowworld.com\/es\/wp-json\/wp\/v2\/posts"}],"about":[{"href":"https:\/\/newsnowworld.com\/es\/wp-json\/wp\/v2\/types\/post"}],"author":[{"embeddable":true,"href":"https:\/\/newsnowworld.com\/es\/wp-json\/wp\/v2\/users\/1"}],"replies":[{"embeddable":true,"href":"https:\/\/newsnowworld.com\/es\/wp-json\/wp\/v2\/comments?post=726"}],"version-history":[{"count":0,"href":"https:\/\/newsnowworld.com\/es\/wp-json\/wp\/v2\/posts\/726\/revisions"}],"wp:featuredmedia":[{"embeddable":true,"href":"https:\/\/newsnowworld.com\/es\/wp-json\/wp\/v2\/media\/727"}],"wp:attachment":[{"href":"https:\/\/newsnowworld.com\/es\/wp-json\/wp\/v2\/media?parent=726"}],"wp:term":[{"taxonomy":"category","embeddable":true,"href":"https:\/\/newsnowworld.com\/es\/wp-json\/wp\/v2\/categories?post=726"},{"taxonomy":"post_tag","embeddable":true,"href":"https:\/\/newsnowworld.com\/es\/wp-json\/wp\/v2\/tags?post=726"}],"curies":[{"name":"wp","href":"https:\/\/api.w.org\/{rel}","templated":true}]}}