{"id":914,"date":"2023-06-22T20:11:37","date_gmt":"2023-06-22T20:11:37","guid":{"rendered":"https:\/\/newsnowworld.com\/es\/bondades-intrinsecas-de-la-paz-se-despliegan-para-un-futuro-floreciente\/"},"modified":"2023-06-22T20:11:37","modified_gmt":"2023-06-22T20:11:37","slug":"bondades-intrinsecas-de-la-paz-se-despliegan-para-un-futuro-floreciente","status":"publish","type":"post","link":"https:\/\/newsnowworld.com\/es\/bondades-intrinsecas-de-la-paz-se-despliegan-para-un-futuro-floreciente\/","title":{"rendered":"Bondades intr\u00ednsecas de la paz se despliegan para un futuro floreciente"},"content":{"rendered":"<p>Las bondades intr\u00ednsecas de la paz se despliegan para un futuro floreciente<\/p>\n<p>En un mundo marcado por conflictos y tensiones, la b\u00fasqueda de la paz se revela como un anhelo universal. Sin embargo, m\u00e1s all\u00e1 de ser un ideal \u00e9tico, la paz tambi\u00e9n tiene un potencial transformador y beneficios intr\u00ednsecos que se despliegan para un futuro floreciente en todas las dimensiones de la sociedad.<\/p>\n<p>En primer lugar, la paz se erige como un pilar fundamental para el desarrollo humano. Cuando los pa\u00edses alcanzan acuerdos de paz y se alejan de la violencia, se sientan las bases para el crecimiento econ\u00f3mico y social. La paz permite una mayor estabilidad pol\u00edtica, fomenta la confianza y la cooperaci\u00f3n entre naciones, lo cual genera un clima propicio para las inversiones y el comercio. Adem\u00e1s, la reducci\u00f3n de los conflictos violentos conlleva a una disminuci\u00f3n de los gastos en armamento y defensa, permitiendo destinar recursos a sectores clave como la salud, la educaci\u00f3n y el desarrollo de infraestructuras.<\/p>\n<p>En segundo lugar, la paz promueve la convivencia pac\u00edfica y el respeto por los derechos humanos. Cuando se logra una sociedad en paz, se abren las puertas a la tolerancia, la diversidad y el di\u00e1logo constructivo. La ausencia de violencia facilita el fortalecimiento de instituciones democr\u00e1ticas, donde se respetan los derechos y las libertades fundamentales de todos los individuos, sin distinci\u00f3n. Adem\u00e1s, la paz propicia el desarrollo de una cultura de paz, donde se promueven valores como la justicia, la solidaridad y la no violencia, sentando as\u00ed las bases para una sociedad m\u00e1s cohesionada y equitativa.<\/p>\n<p>En tercer lugar, la paz es un factor determinante para la preservaci\u00f3n del medio ambiente. Los conflictos armados suelen tener un impacto devastador en la naturaleza, generando destrucci\u00f3n de ecosistemas, contaminaci\u00f3n y agotamiento de los recursos naturales. Por el contrario, la paz facilita la implementaci\u00f3n de pol\u00edticas de conservaci\u00f3n y protecci\u00f3n ambiental, promoviendo un desarrollo sostenible y la preservaci\u00f3n de la biodiversidad. Asimismo, la paz propicia la cooperaci\u00f3n internacional en temas medioambientales, permitiendo as\u00ed enfrentar los desaf\u00edos globales como el cambio clim\u00e1tico.<\/p>\n<p>En conclusi\u00f3n, las bondades intr\u00ednsecas de la paz se manifiestan en m\u00faltiples dimensiones de la sociedad y generan un futuro floreciente. Desde su rol clave en el desarrollo humano y econ\u00f3mico, pasando por la promoci\u00f3n de una convivencia pac\u00edfica y respetuosa de los derechos humanos, hasta su influencia positiva en la preservaci\u00f3n del medio ambiente, la paz se erige como un pilar fundamental para la construcci\u00f3n de una sociedad equitativa, sostenible y justa. Es responsabilidad de todos los actores sociales y pol\u00edticos trabajar en pro de la paz, promoviendo el di\u00e1logo, la cooperaci\u00f3n y la resoluci\u00f3n pac\u00edfica de conflictos, con el fin de materializar un futuro donde las bondades de la paz se desplieguen en su plenitud.<\/p>\n<p>Nota express publicada por <a href=\"https:\/\/mediastarpress.com\/\" target=\"_blank\" rel=\"noopener\">MediaStar | Agencia de Medios<\/a>.<\/p>\n","protected":false},"excerpt":{"rendered":"<p>Las bondades intr\u00ednsecas de la paz se despliegan para un futuro floreciente En un mundo marcado por conflictos y tensiones, la b\u00fasqueda de la paz se revela como un anhelo universal. Sin embargo, m\u00e1s all\u00e1 de ser un ideal \u00e9tico, la paz tambi\u00e9n tiene un potencial transformador y beneficios intr\u00ednsecos que se despliegan para un [&hellip;]<\/p>\n","protected":false},"author":1,"featured_media":660,"comment_status":"open","ping_status":"open","sticky":false,"template":"","format":"standard","meta":{"inline_featured_image":false,"footnotes":""},"categories":[15],"tags":[],"class_list":{"0":"post-914","1":"post","2":"type-post","3":"status-publish","4":"format-standard","5":"has-post-thumbnail","7":"category-noticias"},"yoast_head":"<!-- This site is optimized with the Yoast SEO plugin v24.1 - https:\/\/yoast.com\/wordpress\/plugins\/seo\/ -->\n<title>Bondades intr\u00ednsecas de la paz se despliegan para un futuro floreciente<\/title>\n<meta name=\"robots\" content=\"index, follow, max-snippet:-1, max-image-preview:large, max-video-preview:-1\" \/>\n<link rel=\"canonical\" href=\"https:\/\/newsnowworld.com\/es\/bondades-intrinsecas-de-la-paz-se-despliegan-para-un-futuro-floreciente\/\" \/>\n<meta property=\"og:locale\" content=\"es_ES\" \/>\n<meta property=\"og:type\" content=\"article\" \/>\n<meta property=\"og:title\" content=\"Bondades intr\u00ednsecas de la paz se despliegan para un futuro floreciente\" \/>\n<meta property=\"og:description\" content=\"Las bondades intr\u00ednsecas de la paz se despliegan para un futuro floreciente En un mundo marcado por conflictos y tensiones, la b\u00fasqueda de la paz se revela como un anhelo universal. Sin embargo, m\u00e1s all\u00e1 de ser un ideal \u00e9tico, la paz tambi\u00e9n tiene un potencial transformador y beneficios intr\u00ednsecos que se despliegan para un [&hellip;]\" \/>\n<meta property=\"og:url\" content=\"https:\/\/newsnowworld.com\/es\/bondades-intrinsecas-de-la-paz-se-despliegan-para-un-futuro-floreciente\/\" \/>\n<meta property=\"og:site_name\" content=\"NewsNowWorld\" \/>\n<meta property=\"article:published_time\" content=\"2023-06-22T20:11:37+00:00\" \/>\n<meta property=\"og:image\" content=\"https:\/\/newsnowworld.com\/es\/wp-content\/uploads\/2023\/05\/0-296.jpg\" \/>\n\t<meta property=\"og:image:width\" content=\"1100\" \/>\n\t<meta property=\"og:image:height\" content=\"778\" \/>\n\t<meta property=\"og:image:type\" content=\"image\/jpeg\" \/>\n<meta name=\"author\" content=\"Valeria Catillo\" \/>\n<meta name=\"twitter:card\" content=\"summary_large_image\" \/>\n<meta name=\"twitter:label1\" content=\"Escrito por\" \/>\n\t<meta name=\"twitter:data1\" content=\"Valeria Catillo\" \/>\n\t<meta name=\"twitter:label2\" content=\"Tiempo de lectura\" \/>\n\t<meta name=\"twitter:data2\" content=\"3 minutos\" \/>\n<script type=\"application\/ld+json\" class=\"yoast-schema-graph\">{\"@context\":\"https:\/\/schema.org\",\"@graph\":[{\"@type\":\"WebPage\",\"@id\":\"https:\/\/newsnowworld.com\/es\/bondades-intrinsecas-de-la-paz-se-despliegan-para-un-futuro-floreciente\/\",\"url\":\"https:\/\/newsnowworld.com\/es\/bondades-intrinsecas-de-la-paz-se-despliegan-para-un-futuro-floreciente\/\",\"name\":\"Bondades intr\u00ednsecas de la paz se despliegan para un futuro floreciente\",\"isPartOf\":{\"@id\":\"https:\/\/newsnowworld.com\/es\/#website\"},\"primaryImageOfPage\":{\"@id\":\"https:\/\/newsnowworld.com\/es\/bondades-intrinsecas-de-la-paz-se-despliegan-para-un-futuro-floreciente\/#primaryimage\"},\"image\":{\"@id\":\"https:\/\/newsnowworld.com\/es\/bondades-intrinsecas-de-la-paz-se-despliegan-para-un-futuro-floreciente\/#primaryimage\"},\"thumbnailUrl\":\"https:\/\/newsnowworld.com\/es\/wp-content\/uploads\/2023\/05\/0-296.jpg\",\"datePublished\":\"2023-06-22T20:11:37+00:00\",\"dateModified\":\"2023-06-22T20:11:37+00:00\",\"author\":{\"@id\":\"https:\/\/newsnowworld.com\/es\/#\/schema\/person\/9cac2524fb82aa9c56ff4d64abc9933e\"},\"inLanguage\":\"es\",\"potentialAction\":[{\"@type\":\"ReadAction\",\"target\":[\"https:\/\/newsnowworld.com\/es\/bondades-intrinsecas-de-la-paz-se-despliegan-para-un-futuro-floreciente\/\"]}]},{\"@type\":\"ImageObject\",\"inLanguage\":\"es\",\"@id\":\"https:\/\/newsnowworld.com\/es\/bondades-intrinsecas-de-la-paz-se-despliegan-para-un-futuro-floreciente\/#primaryimage\",\"url\":\"https:\/\/newsnowworld.com\/es\/wp-content\/uploads\/2023\/05\/0-296.jpg\",\"contentUrl\":\"https:\/\/newsnowworld.com\/es\/wp-content\/uploads\/2023\/05\/0-296.jpg\",\"width\":1100,\"height\":778},{\"@type\":\"WebSite\",\"@id\":\"https:\/\/newsnowworld.com\/es\/#website\",\"url\":\"https:\/\/newsnowworld.com\/es\/\",\"name\":\"NewsNowWorld\",\"description\":\"\",\"potentialAction\":[{\"@type\":\"SearchAction\",\"target\":{\"@type\":\"EntryPoint\",\"urlTemplate\":\"https:\/\/newsnowworld.com\/es\/?s={search_term_string}\"},\"query-input\":{\"@type\":\"PropertyValueSpecification\",\"valueRequired\":true,\"valueName\":\"search_term_string\"}}],\"inLanguage\":\"es\"},{\"@type\":\"Person\",\"@id\":\"https:\/\/newsnowworld.com\/es\/#\/schema\/person\/9cac2524fb82aa9c56ff4d64abc9933e\",\"name\":\"Valeria Catillo\",\"image\":{\"@type\":\"ImageObject\",\"inLanguage\":\"es\",\"@id\":\"https:\/\/newsnowworld.com\/es\/#\/schema\/person\/image\/\",\"url\":\"https:\/\/secure.gravatar.com\/avatar\/1b6716d8318da7cd8a049a1c7b480328?s=96&d=mm&r=g\",\"contentUrl\":\"https:\/\/secure.gravatar.com\/avatar\/1b6716d8318da7cd8a049a1c7b480328?s=96&d=mm&r=g\",\"caption\":\"Valeria Catillo\"},\"sameAs\":[\"https:\/\/newsnowworld.com\/es\"]}]}<\/script>\n<!-- \/ Yoast SEO plugin. -->","yoast_head_json":{"title":"Bondades intr\u00ednsecas de la paz se despliegan para un futuro floreciente","robots":{"index":"index","follow":"follow","max-snippet":"max-snippet:-1","max-image-preview":"max-image-preview:large","max-video-preview":"max-video-preview:-1"},"canonical":"https:\/\/newsnowworld.com\/es\/bondades-intrinsecas-de-la-paz-se-despliegan-para-un-futuro-floreciente\/","og_locale":"es_ES","og_type":"article","og_title":"Bondades intr\u00ednsecas de la paz se despliegan para un futuro floreciente","og_description":"Las bondades intr\u00ednsecas de la paz se despliegan para un futuro floreciente En un mundo marcado por conflictos y tensiones, la b\u00fasqueda de la paz se revela como un anhelo universal. Sin embargo, m\u00e1s all\u00e1 de ser un ideal \u00e9tico, la paz tambi\u00e9n tiene un potencial transformador y beneficios intr\u00ednsecos que se despliegan para un [&hellip;]","og_url":"https:\/\/newsnowworld.com\/es\/bondades-intrinsecas-de-la-paz-se-despliegan-para-un-futuro-floreciente\/","og_site_name":"NewsNowWorld","article_published_time":"2023-06-22T20:11:37+00:00","og_image":[{"width":1100,"height":778,"url":"https:\/\/newsnowworld.com\/es\/wp-content\/uploads\/2023\/05\/0-296.jpg","type":"image\/jpeg"}],"author":"Valeria Catillo","twitter_card":"summary_large_image","twitter_misc":{"Escrito por":"Valeria Catillo","Tiempo de lectura":"3 minutos"},"schema":{"@context":"https:\/\/schema.org","@graph":[{"@type":"WebPage","@id":"https:\/\/newsnowworld.com\/es\/bondades-intrinsecas-de-la-paz-se-despliegan-para-un-futuro-floreciente\/","url":"https:\/\/newsnowworld.com\/es\/bondades-intrinsecas-de-la-paz-se-despliegan-para-un-futuro-floreciente\/","name":"Bondades intr\u00ednsecas de la paz se despliegan para un futuro floreciente","isPartOf":{"@id":"https:\/\/newsnowworld.com\/es\/#website"},"primaryImageOfPage":{"@id":"https:\/\/newsnowworld.com\/es\/bondades-intrinsecas-de-la-paz-se-despliegan-para-un-futuro-floreciente\/#primaryimage"},"image":{"@id":"https:\/\/newsnowworld.com\/es\/bondades-intrinsecas-de-la-paz-se-despliegan-para-un-futuro-floreciente\/#primaryimage"},"thumbnailUrl":"https:\/\/newsnowworld.com\/es\/wp-content\/uploads\/2023\/05\/0-296.jpg","datePublished":"2023-06-22T20:11:37+00:00","dateModified":"2023-06-22T20:11:37+00:00","author":{"@id":"https:\/\/newsnowworld.com\/es\/#\/schema\/person\/9cac2524fb82aa9c56ff4d64abc9933e"},"inLanguage":"es","potentialAction":[{"@type":"ReadAction","target":["https:\/\/newsnowworld.com\/es\/bondades-intrinsecas-de-la-paz-se-despliegan-para-un-futuro-floreciente\/"]}]},{"@type":"ImageObject","inLanguage":"es","@id":"https:\/\/newsnowworld.com\/es\/bondades-intrinsecas-de-la-paz-se-despliegan-para-un-futuro-floreciente\/#primaryimage","url":"https:\/\/newsnowworld.com\/es\/wp-content\/uploads\/2023\/05\/0-296.jpg","contentUrl":"https:\/\/newsnowworld.com\/es\/wp-content\/uploads\/2023\/05\/0-296.jpg","width":1100,"height":778},{"@type":"WebSite","@id":"https:\/\/newsnowworld.com\/es\/#website","url":"https:\/\/newsnowworld.com\/es\/","name":"NewsNowWorld","description":"","potentialAction":[{"@type":"SearchAction","target":{"@type":"EntryPoint","urlTemplate":"https:\/\/newsnowworld.com\/es\/?s={search_term_string}"},"query-input":{"@type":"PropertyValueSpecification","valueRequired":true,"valueName":"search_term_string"}}],"inLanguage":"es"},{"@type":"Person","@id":"https:\/\/newsnowworld.com\/es\/#\/schema\/person\/9cac2524fb82aa9c56ff4d64abc9933e","name":"Valeria Catillo","image":{"@type":"ImageObject","inLanguage":"es","@id":"https:\/\/newsnowworld.com\/es\/#\/schema\/person\/image\/","url":"https:\/\/secure.gravatar.com\/avatar\/1b6716d8318da7cd8a049a1c7b480328?s=96&d=mm&r=g","contentUrl":"https:\/\/secure.gravatar.com\/avatar\/1b6716d8318da7cd8a049a1c7b480328?s=96&d=mm&r=g","caption":"Valeria Catillo"},"sameAs":["https:\/\/newsnowworld.com\/es"]}]}},"_links":{"self":[{"href":"https:\/\/newsnowworld.com\/es\/wp-json\/wp\/v2\/posts\/914"}],"collection":[{"href":"https:\/\/newsnowworld.com\/es\/wp-json\/wp\/v2\/posts"}],"about":[{"href":"https:\/\/newsnowworld.com\/es\/wp-json\/wp\/v2\/types\/post"}],"author":[{"embeddable":true,"href":"https:\/\/newsnowworld.com\/es\/wp-json\/wp\/v2\/users\/1"}],"replies":[{"embeddable":true,"href":"https:\/\/newsnowworld.com\/es\/wp-json\/wp\/v2\/comments?post=914"}],"version-history":[{"count":0,"href":"https:\/\/newsnowworld.com\/es\/wp-json\/wp\/v2\/posts\/914\/revisions"}],"wp:featuredmedia":[{"embeddable":true,"href":"https:\/\/newsnowworld.com\/es\/wp-json\/wp\/v2\/media\/660"}],"wp:attachment":[{"href":"https:\/\/newsnowworld.com\/es\/wp-json\/wp\/v2\/media?parent=914"}],"wp:term":[{"taxonomy":"category","embeddable":true,"href":"https:\/\/newsnowworld.com\/es\/wp-json\/wp\/v2\/categories?post=914"},{"taxonomy":"post_tag","embeddable":true,"href":"https:\/\/newsnowworld.com\/es\/wp-json\/wp\/v2\/tags?post=914"}],"curies":[{"name":"wp","href":"https:\/\/api.w.org\/{rel}","templated":true}]}}